{"id":640,"date":"2009-09-08T15:26:44","date_gmt":"2009-09-08T18:26:44","guid":{"rendered":"http:\/\/dennytorres.wordpress.com\/?p=640"},"modified":"2009-09-08T15:26:44","modified_gmt":"2009-09-08T18:26:44","slug":"geoprocessamento-sig-e-gestao-urbana","status":"publish","type":"post","link":"https:\/\/dennytorres.com\/site\/geoprocessamento-sig-e-gestao-urbana\/","title":{"rendered":"Geoprocessamento, SIG e Gest\u00e3o Urbana"},"content":{"rendered":"<p>Novas tecnologias s\u00e3o criadas a cada dia com objetivos diversos. Em nosso Pa\u00eds, as <strong>Geotecnologias<\/strong> (tecnologias que comp\u00f5em o <strong>Geoprocessamento<\/strong>), v\u00eam sendo mais implementadas e utilizadas como ferramentas para auxiliar a tomada de decis\u00e3o nas atividades de gest\u00e3o urbana. E estas\u00a0informa\u00e7\u00f5es podem ser geradas atrav\u00e9s de <strong>Sistemas de Informa\u00e7\u00f5es Geogr\u00e1ficas &#8211; SIG ou GIS<\/strong> (Geographic Information System), a partir da combina\u00e7\u00e3o de dados gr\u00e1ficos e alfanum\u00e9ricos.\u00a0Estas informa\u00e7\u00f5es podem, e devem, estar dispon\u00edveis a estudantes, pesquisadores ou prestadores de servi\u00e7os (arquitetos e urbanistas) que necessitam do conhecimento pleno do territ\u00f3rio onde atuam ou pretendem atuar.<\/p>\n<p>No in\u00edcio da faculdade (curso de <strong>Arquitetura e Urbanismo<\/strong>), nem eu ou meus colegas de classe, t\u00ednhamos id\u00e9ia do que significava\u00a0<strong>Geoprocessamento<\/strong>. At\u00e9 que no in\u00edcio da mat\u00e9ria &#8220;instala\u00e7\u00f5es prediais&#8221;, conhecemos um professor estrangeiro, que trabalhava tamb\u00e9m na Secretaria Municipal de Planejamento da Cidade, e estava precisando de dois estagi\u00e1rios para auxili\u00e1-lo na implanta\u00e7\u00e3o do SIG em Aracaj\u00fa. O nome dele \u00e9 <strong>Juan Carlos Gortaire Cordovez<\/strong>, Engenheiro Civil, natural do Equador e fazia parte do corpo docente da Universidade Tiradentes, Aracaju-SE. Al\u00e9m de professor, veio a se tornar chefe, amigo e consultor para assuntos CAD. Grande admira\u00e7\u00e3o pelo seu profissionalismo, seriedade (sisudo), imensur\u00e1vel intelig\u00eancia, \u00e9tica e honestidade.\u00a0Durante o est\u00e1gio, eu e meu amigo <strong>Carlos Jatob\u00e1<\/strong>, tivemos a oportunidade de mergulhar em um mundo de dados e informa\u00e7\u00f5es que n\u00e3o faz\u00edamos ideia (apesar de Jatob\u00e1 passar o dia lendo e-mails e baixando m\u00fasicas .mp3). Logo depois da sa\u00edda do Carlos veio a Luc\u00edola, que tinha uma voz bem aguda e quando chamava por Juan, era muito engra\u00e7ado. Para ter no\u00e7\u00e3o, at\u00e9 ele ria.\u00a0Aprendizado muito gratificante e importante durante o in\u00edcio da minha vida profissional.<\/p>\n<p>Apesar de muito s\u00e9rio, Juan (ou <a href=\"http:\/\/neuronioshiperativos.blogspot.com\/2008\/10\/qual-origem-da-palavra-gringo.html\" target=\"_blank\" rel=\"noopener\">&#8220;Gringo&#8221;<\/a>, como eu costumava cham\u00e1-lo) permitia (\u00e0s vezes) algumas das minhas brincadeiras. Como exemplo, lembro que ele fica furioso porque como grande parte das pessoas n\u00e3o conhecem muito bem os pa\u00edses que comp\u00f5em a Am\u00e9rica do Sul e sempre acabam confundindo o <strong>Equador<\/strong> (sua terra natal) com Bol\u00edvia ou Col\u00f4mbia, era comum algu\u00e9m cham\u00e1-lo de boliviano ou colombiano. Pois bem, um dia durante o est\u00e1gio, ap\u00f3s uma manh\u00e3 inteira os funcion\u00e1rios da prefeitura cumprimentando-o como boliviano (e ele sempre corrigindo com muita paci\u00eancia) descobriu um papel colado em suas costas escrito: &#8220;BOLIVIANO&#8221;. Acho que ele nem precisou fazer uma an\u00e1lise grafol\u00f3gica para descobrir que foi eu o autor da perip\u00e9cia.<\/p>\n<p>Em sua homenagem, posto umas imagens bem legais de uma campanha de divulga\u00e7\u00e3o do turismo no Equador. Cada cidade com uma imagem representada pelas suas caracter\u00edsticas.<\/p>\n<p><strong>Obrigado &#8220;Gringo&#8221;.<\/strong><\/p>\n\n","protected":false},"excerpt":{"rendered":"<p>Novas tecnologias s\u00e3o criadas a cada dia com objetivos diversos. Em nosso Pa\u00eds, as Geotecnologias (tecnologias que comp\u00f5em o Geoprocessamento), v\u00eam sendo mais implementadas e utilizadas como ferramentas para auxiliar a tomada de decis\u00e3o nas atividades de gest\u00e3o urbana. E estas\u00a0informa\u00e7\u00f5es podem ser geradas atrav\u00e9s de Sistemas de Informa\u00e7\u00f5es Geogr\u00e1ficas &#8211; SIG ou GIS (Geographic [&hellip;]<\/p>\n","protected":false},"author":1,"featured_media":0,"comment_status":"open","ping_status":"open","sticky":false,"template":"","format":"standard","meta":{"footnotes":""},"categories":[68],"tags":[260,261,262,263,264],"class_list":["post-640","post","type-post","status-publish","format-standard","hentry","category-arquitetura","tag-equador","tag-geoprocessamento","tag-geotecnologia","tag-gis","tag-sig"],"_links":{"self":[{"href":"https:\/\/dennytorres.com\/site\/wp-json\/wp\/v2\/posts\/640","targetHints":{"allow":["GET"]}}],"collection":[{"href":"https:\/\/dennytorres.com\/site\/wp-json\/wp\/v2\/posts"}],"about":[{"href":"https:\/\/dennytorres.com\/site\/wp-json\/wp\/v2\/types\/post"}],"author":[{"embeddable":true,"href":"https:\/\/dennytorres.com\/site\/wp-json\/wp\/v2\/users\/1"}],"replies":[{"embeddable":true,"href":"https:\/\/dennytorres.com\/site\/wp-json\/wp\/v2\/comments?post=640"}],"version-history":[{"count":0,"href":"https:\/\/dennytorres.com\/site\/wp-json\/wp\/v2\/posts\/640\/revisions"}],"wp:attachment":[{"href":"https:\/\/dennytorres.com\/site\/wp-json\/wp\/v2\/media?parent=640"}],"wp:term":[{"taxonomy":"category","embeddable":true,"href":"https:\/\/dennytorres.com\/site\/wp-json\/wp\/v2\/categories?post=640"},{"taxonomy":"post_tag","embeddable":true,"href":"https:\/\/dennytorres.com\/site\/wp-json\/wp\/v2\/tags?post=640"}],"curies":[{"name":"wp","href":"https:\/\/api.w.org\/{rel}","templated":true}]}}