{"id":6454,"date":"2012-02-01T21:08:00","date_gmt":"2012-02-02T00:08:00","guid":{"rendered":"http:\/\/dennytorres.wordpress.com\/?p=6454"},"modified":"2012-02-01T21:08:00","modified_gmt":"2012-02-02T00:08:00","slug":"este-capacete-dobravel-e-o-sonho-de-todo-ciclista-urbano","status":"publish","type":"post","link":"https:\/\/dennytorres.com\/site\/este-capacete-dobravel-e-o-sonho-de-todo-ciclista-urbano\/","title":{"rendered":"Este capacete dobr\u00e1vel \u00e9 o sonho de todo ciclista urbano"},"content":{"rendered":"<p><a href=\"http:\/\/www.gizmodo.com.br\/files\/2012\/01\/capacete-600x337.jpg\"><img fetchpriority=\"high\" decoding=\"async\" class=\"aligncenter\" title=\"capacete\" src=\"http:\/\/www.gizmodo.com.br\/files\/2012\/01\/capacete-600x337.jpg\" alt=\"\" width=\"600\" height=\"337\" \/><\/a><\/p>\n<blockquote><p>Pedalar em grandes cidades \u00e9 uma \u00f3tima ideia: \u00e9 r\u00e1pido, barato e voc\u00ea ainda faz exerc\u00edcios. Mas a maioria das pessoas n\u00e3o quer ficar andando por a\u00ed com um capacete feioso debaixo do bra\u00e7o. Talvez esse modelo dobr\u00e1vel ajude essa galera.<\/p>\n<p>Criada pelo est\u00fadio frnac\u00eas Agency 360 em 2010 e entrando em produ\u00e7\u00e3o apenas em 2012, este capacete dobr\u00e1vel foi batizado de Overade. De acordo com Patrick Jouffret, o designer que trabalhou junto com o engenheiro Philippe Arrouart, ele oferece mais prote\u00e7\u00e3o do que os capacetes comuns e ainda pode ser dobrado quando n\u00e3o est\u00e1 sendo utilizado. N\u00f3s j\u00e1 vimos capacetes dobr\u00e1veis antes, mas eles eram bem toscos \u2014 esse parece ser bem bonito.<\/p>\n<p>Ok, ele n\u00e3o se dobra o bastante para ficar min\u00fasculo, mas fica pequeno o bastante para n\u00e3o incomodar. Ele cabe na mochila sem problemas. Eu, por exemplo, amarro o meu capacete na mochila quando saio da bicicleta, mas isso \u00e9 bem chato de se fazer.<\/p>\n<p>Mas esse capacete deve funcionar mesmo em cidades com sistema de aluguel e compartilhamento de bicicletas. Quando voc\u00ea n\u00e3o sabe exatamente se conseguir\u00e1 pegar uma bicicleta, e quando n\u00e3o h\u00e1 possibilidade alguma de prender seu capacete na bicicleta quando voc\u00ea parar de us\u00e1-la, \u00e9 normal as pessoas desistirem de levar um capacete grande por a\u00ed. Problema resolvido.<\/p><\/blockquote>\n<p>Fonte: <a href=\"http:\/\/www.gizmodo.com.br\/conteudo\/este-capacete-dobravel-e-o-sonho-de-todo-ciclista-urbano\/\" target=\"_blank\" rel=\"noopener\"><strong>Gizmodo<\/strong><\/a><\/p>\n","protected":false},"excerpt":{"rendered":"<p>Pedalar em grandes cidades \u00e9 uma \u00f3tima ideia: \u00e9 r\u00e1pido, barato e voc\u00ea ainda faz exerc\u00edcios. Mas a maioria das pessoas n\u00e3o quer ficar andando por a\u00ed com um capacete feioso debaixo do bra\u00e7o. Talvez esse modelo dobr\u00e1vel ajude essa galera. Criada pelo est\u00fadio frnac\u00eas Agency 360 em 2010 e entrando em produ\u00e7\u00e3o apenas em [&hellip;]<\/p>\n","protected":false},"author":1,"featured_media":0,"comment_status":"open","ping_status":"open","sticky":false,"template":"","format":"standard","meta":{"footnotes":""},"categories":[63,577],"tags":[303,304,2206,2207],"class_list":["post-6454","post","type-post","status-publish","format-standard","hentry","category-esporte","category-noticias","tag-bicicleta","tag-bike","tag-capacete","tag-dobravel"],"_links":{"self":[{"href":"https:\/\/dennytorres.com\/site\/wp-json\/wp\/v2\/posts\/6454","targetHints":{"allow":["GET"]}}],"collection":[{"href":"https:\/\/dennytorres.com\/site\/wp-json\/wp\/v2\/posts"}],"about":[{"href":"https:\/\/dennytorres.com\/site\/wp-json\/wp\/v2\/types\/post"}],"author":[{"embeddable":true,"href":"https:\/\/dennytorres.com\/site\/wp-json\/wp\/v2\/users\/1"}],"replies":[{"embeddable":true,"href":"https:\/\/dennytorres.com\/site\/wp-json\/wp\/v2\/comments?post=6454"}],"version-history":[{"count":0,"href":"https:\/\/dennytorres.com\/site\/wp-json\/wp\/v2\/posts\/6454\/revisions"}],"wp:attachment":[{"href":"https:\/\/dennytorres.com\/site\/wp-json\/wp\/v2\/media?parent=6454"}],"wp:term":[{"taxonomy":"category","embeddable":true,"href":"https:\/\/dennytorres.com\/site\/wp-json\/wp\/v2\/categories?post=6454"},{"taxonomy":"post_tag","embeddable":true,"href":"https:\/\/dennytorres.com\/site\/wp-json\/wp\/v2\/tags?post=6454"}],"curies":[{"name":"wp","href":"https:\/\/api.w.org\/{rel}","templated":true}]}}