{"id":6502,"date":"2012-02-19T16:26:52","date_gmt":"2012-02-19T19:26:52","guid":{"rendered":"http:\/\/dennytorres.com\/?p=6502"},"modified":"2012-02-19T16:26:52","modified_gmt":"2012-02-19T19:26:52","slug":"o-logo-do-windows-8-e-os-motivos-da-mudanca","status":"publish","type":"post","link":"https:\/\/dennytorres.com\/site\/o-logo-do-windows-8-e-os-motivos-da-mudanca\/","title":{"rendered":"O logo do Windows 8 e os motivos da mudan\u00e7a"},"content":{"rendered":"<blockquote>\n<p style=\"text-align:center;\"><a href=\"http:\/\/dennytorres.files.wordpress.com\/2012\/02\/captura-9.jpg\"><img fetchpriority=\"high\" decoding=\"async\" class=\"aligncenter  wp-image-6504\" title=\"captura-9\" src=\"http:\/\/dennytorres.files.wordpress.com\/2012\/02\/captura-9.jpg\" alt=\"\" width=\"420\" height=\"190\" \/><\/a>O diretor da Microsoft Sam Moreau confirmou que a imagem acima \u00e9 a do logo do novo Windows, criado pela ag\u00eancia Pentagram, cujo projeto come\u00e7ou com uma pergunta: \u201cSeu nome \u00e9 o Windows (janela). Por que voc\u00ea \u00e9 uma bandeira? \u201c.<\/p>\n<p>O painel \u00e9 dividido em quatro partes e quer representar uma janela, com uma est\u00e9tica de cores planas e linhas e formas limpas, como a interface do Metro. Querem transmitir rapidez e simplicidade, caracter\u00edsticas do Windows 8.<\/p>\n<p>O logo tamb\u00e9m procura a dar a bem-vinda ao usu\u00e1rio com uma ligeira inclina\u00e7\u00e3o em perspectiva, porque quando voc\u00ea muda a cor do logotipo, ele muda para refletir a n\u00f3s mesmos, representando o conceito de \u201ccomputador pessoal\u201d.<\/p>\n<p>Nos n\u00e3o somos profissionais do design, mas\u2026 Voc\u00ea gostou do logotipo do Windows 8? Parece isso sim, ao logo do Windows 1.0.<\/p><\/blockquote>\n<p style=\"text-align:center;\"><a href=\"http:\/\/dennytorres.files.wordpress.com\/2012\/02\/logos1.jpg\"><img decoding=\"async\" class=\"aligncenter  wp-image-6503\" title=\"logos1\" src=\"http:\/\/dennytorres.files.wordpress.com\/2012\/02\/logos1.jpg\" alt=\"\" width=\"420\" height=\"223\" \/><\/a><\/p>\n<p>Fonte: <a href=\"http:\/\/www.fayerwayer.com.br\/2012\/02\/o-logo-do-windows-8-e-os-motivos-da-mudanca\/\" target=\"_blank\" rel=\"noopener\"><strong>fayerwayer<\/strong><\/a><\/p>\n","protected":false},"excerpt":{"rendered":"<p>O diretor da Microsoft Sam Moreau confirmou que a imagem acima \u00e9 a do logo do novo Windows, criado pela ag\u00eancia Pentagram, cujo projeto come\u00e7ou com uma pergunta: \u201cSeu nome \u00e9 o Windows (janela). Por que voc\u00ea \u00e9 uma bandeira? \u201c. O painel \u00e9 dividido em quatro partes e quer representar uma janela, com uma [&hellip;]<\/p>\n","protected":false},"author":1,"featured_media":0,"comment_status":"open","ping_status":"open","sticky":false,"template":"","format":"standard","meta":{"footnotes":""},"categories":[84],"tags":[2221,1455,318,2222],"class_list":["post-6502","post","type-post","status-publish","format-standard","hentry","category-curiosidades","tag-logo","tag-logotipo","tag-microsoft","tag-windows-8"],"_links":{"self":[{"href":"https:\/\/dennytorres.com\/site\/wp-json\/wp\/v2\/posts\/6502","targetHints":{"allow":["GET"]}}],"collection":[{"href":"https:\/\/dennytorres.com\/site\/wp-json\/wp\/v2\/posts"}],"about":[{"href":"https:\/\/dennytorres.com\/site\/wp-json\/wp\/v2\/types\/post"}],"author":[{"embeddable":true,"href":"https:\/\/dennytorres.com\/site\/wp-json\/wp\/v2\/users\/1"}],"replies":[{"embeddable":true,"href":"https:\/\/dennytorres.com\/site\/wp-json\/wp\/v2\/comments?post=6502"}],"version-history":[{"count":0,"href":"https:\/\/dennytorres.com\/site\/wp-json\/wp\/v2\/posts\/6502\/revisions"}],"wp:attachment":[{"href":"https:\/\/dennytorres.com\/site\/wp-json\/wp\/v2\/media?parent=6502"}],"wp:term":[{"taxonomy":"category","embeddable":true,"href":"https:\/\/dennytorres.com\/site\/wp-json\/wp\/v2\/categories?post=6502"},{"taxonomy":"post_tag","embeddable":true,"href":"https:\/\/dennytorres.com\/site\/wp-json\/wp\/v2\/tags?post=6502"}],"curies":[{"name":"wp","href":"https:\/\/api.w.org\/{rel}","templated":true}]}}