{"id":6861,"date":"2012-07-19T21:24:18","date_gmt":"2012-07-20T00:24:18","guid":{"rendered":"http:\/\/dennytorres.com\/?p=6861"},"modified":"2012-07-19T21:24:18","modified_gmt":"2012-07-20T00:24:18","slug":"demora-nas-entregas-do-ebay","status":"publish","type":"post","link":"https:\/\/dennytorres.com\/site\/demora-nas-entregas-do-ebay\/","title":{"rendered":"Demora nas entregas do Ebay"},"content":{"rendered":"<p style=\"text-align:center;\"><a href=\"http:\/\/dennytorres.files.wordpress.com\/2012\/07\/ebay.jpg\"><img fetchpriority=\"high\" decoding=\"async\" class=\"aligncenter  wp-image-6863\" title=\"Welt am Sonntag Infografik, Ebay\" src=\"http:\/\/dennytorres.files.wordpress.com\/2012\/07\/ebay.jpg\" alt=\"\" width=\"360\" height=\"203\" \/><\/a><\/p>\n<blockquote><p><strong>S\u00c3O PAULO<\/strong> &#8211; Produtos adquiridos por brasileiros em sites internacionais est\u00e3o demorando cerca de quatro meses para serem entregues no Pa\u00eds. A <span style=\"color:#ff0000;\"><strong>Opera\u00e7\u00e3o Mar\u00e9 Vermelha<\/strong><\/span>, da Receita Federal, aumentou a fiscaliza\u00e7\u00e3o na entrada de itens importados e est\u00e1 prejudicando os neg\u00f3cios das empresas e a vida dos consumidores.<\/p>\n<p>Indignados com o atraso na chegada dos produtos &#8211; que atinge n\u00e3o somente os comprados em sites, mas todos os tipos de mercadorias -, usu\u00e1rios de com\u00e9rcio eletr\u00f4nico assinaram uma peti\u00e7\u00e3o p\u00fablica na internet contra &#8220;<strong>a inefici\u00eancia da Receita Federal do Brasil<\/strong>&#8220;. At\u00e9 o fechamento desta edi\u00e7\u00e3o, a peti\u00e7\u00e3o j\u00e1 contava com 969 assinaturas. Procurada pelo Estado, a Receita n\u00e3o se pronunciou.<\/p>\n<p>Rayan Barizza, p\u00f3s-graduando em direito administrativo residente em Ribeir\u00e3o Preto (SP), \u00e9 o autor do abaixo-assinado. Ele tem oito encomendas paradas na alf\u00e2ndega acima do prazo usual, que costumava ser de 30 dias. O estudante importou, por exemplo, uma antena para internet sem fio h\u00e1 mais de 80 dias e ainda n\u00e3o recebeu o produto. &#8220;<strong>A Mar\u00e9 Vermelha se transformou em uma grande barreira de conten\u00e7\u00e3o das importa\u00e7\u00f5es<\/strong>&#8220;, disse.<\/p>\n<p>Deflagrada no dia 19 de mar\u00e7o, a <span style=\"color:#ff0000;\"><strong>Opera\u00e7\u00e3o Mar\u00e9 Vermelha<\/strong><\/span> intensificou a fiscaliza\u00e7\u00e3o na entrada de produtos importados, com o objetivo de reduzir o contrabando. Pelos par\u00e2metros da Receita, os produtos deixam o &#8220;canal verde&#8221;, onde a libera\u00e7\u00e3o \u00e9 quase autom\u00e1tica, e entram no &#8220;canal vermelho&#8221;, que exige verifica\u00e7\u00e3o f\u00edsica e documental. A opera\u00e7\u00e3o n\u00e3o tem data para acabar e provoca congestionamento em portos e aeroportos, principalmente em S\u00e3o Paulo.<\/p>\n<p>As cargas importadas por empresas tamb\u00e9m est\u00e3o sendo afetadas, mas o consumidor que importa diretamente \u00e9 o mais prejudicado. No ano passado, foram feitas 4,78 milh\u00f5es de opera\u00e7\u00f5es de importa\u00e7\u00e3o entregues por via postal no Pa\u00eds. Os consumidores trazem diversos itens de baixo valor, principalmente jogos e acess\u00f3rios de computador. Como os valores envolvidos s\u00e3o pequenos, essas compras representaram US$ 3,2 milh\u00f5es em 2011.<\/p>\n<p>O maior motivador desse tipo de importa\u00e7\u00e3o \u00e9 o pre\u00e7o. Segundo os consumidores, os produtos importados custam, em m\u00e9dia, 60% menos que os nacionais. H\u00e1 itens em que a diferen\u00e7a \u00e9 ainda maior e algumas mercadorias chegam a custar o triplo no Brasil do que no exterior. \u00c9 o caso de baterias para aparelhos auditivos. No Pa\u00eds, 10 baterias custam R$ 36, enquanto d\u00e1 para importar 30 baterias da China pelo mesmo valor.<\/p>\n<p><strong>Taxa\u00e7\u00e3o<\/strong>. Os consumidores tamb\u00e9m reclamam que a Receita Federal est\u00e1 taxando indevidamente os produtos. Pela legisla\u00e7\u00e3o em vigor, produtos abaixo de US$ 50 importados por pessoas f\u00edsicas para uso pr\u00f3prio n\u00e3o pagam taxas. Se comprar produtos para revenda ou acima desse valor, o importador \u00e9 obrigado a pagar os tributos.<\/p><\/blockquote>\n<p>Fonte: <a href=\"http:\/\/economia.estadao.com.br\/noticias\/economia,operacao-mare-vermelha-mantem-parados-nos-portos-do-pais-produtos-importados,110739,0.htm\" target=\"_blank\" rel=\"noopener\"><strong>Estad\u00e3o<\/strong><\/a><\/p>\n","protected":false},"excerpt":{"rendered":"<p>S\u00c3O PAULO &#8211; Produtos adquiridos por brasileiros em sites internacionais est\u00e3o demorando cerca de quatro meses para serem entregues no Pa\u00eds. A Opera\u00e7\u00e3o Mar\u00e9 Vermelha, da Receita Federal, aumentou a fiscaliza\u00e7\u00e3o na entrada de itens importados e est\u00e1 prejudicando os neg\u00f3cios das empresas e a vida dos consumidores. Indignados com o atraso na chegada dos [&hellip;]<\/p>\n","protected":false},"author":1,"featured_media":0,"comment_status":"open","ping_status":"open","sticky":false,"template":"","format":"standard","meta":{"footnotes":""},"categories":[577],"tags":[1756,2338,1420],"class_list":["post-6861","post","type-post","status-publish","format-standard","hentry","category-noticias","tag-ebay","tag-mare-vermelha","tag-receita-federal"],"_links":{"self":[{"href":"https:\/\/dennytorres.com\/site\/wp-json\/wp\/v2\/posts\/6861","targetHints":{"allow":["GET"]}}],"collection":[{"href":"https:\/\/dennytorres.com\/site\/wp-json\/wp\/v2\/posts"}],"about":[{"href":"https:\/\/dennytorres.com\/site\/wp-json\/wp\/v2\/types\/post"}],"author":[{"embeddable":true,"href":"https:\/\/dennytorres.com\/site\/wp-json\/wp\/v2\/users\/1"}],"replies":[{"embeddable":true,"href":"https:\/\/dennytorres.com\/site\/wp-json\/wp\/v2\/comments?post=6861"}],"version-history":[{"count":0,"href":"https:\/\/dennytorres.com\/site\/wp-json\/wp\/v2\/posts\/6861\/revisions"}],"wp:attachment":[{"href":"https:\/\/dennytorres.com\/site\/wp-json\/wp\/v2\/media?parent=6861"}],"wp:term":[{"taxonomy":"category","embeddable":true,"href":"https:\/\/dennytorres.com\/site\/wp-json\/wp\/v2\/categories?post=6861"},{"taxonomy":"post_tag","embeddable":true,"href":"https:\/\/dennytorres.com\/site\/wp-json\/wp\/v2\/tags?post=6861"}],"curies":[{"name":"wp","href":"https:\/\/api.w.org\/{rel}","templated":true}]}}