{"id":6901,"date":"2012-07-23T10:16:30","date_gmt":"2012-07-23T13:16:30","guid":{"rendered":"http:\/\/dennytorres.com\/?p=6901"},"modified":"2012-07-23T10:16:30","modified_gmt":"2012-07-23T13:16:30","slug":"amizade-com-o-chefe-funciona","status":"publish","type":"post","link":"https:\/\/dennytorres.com\/site\/amizade-com-o-chefe-funciona\/","title":{"rendered":"Amizade com o chefe funciona?"},"content":{"rendered":"<p><a href=\"http:\/\/dennytorres.files.wordpress.com\/2012\/07\/chefeamigo.jpg\"><img fetchpriority=\"high\" decoding=\"async\" class=\"alignright  wp-image-6902\" title=\"Chefeamigo\" src=\"http:\/\/dennytorres.files.wordpress.com\/2012\/07\/chefeamigo.jpg\" alt=\"\" width=\"256\" height=\"218\" \/><\/a><\/p>\n<p>(&#8230;) Ser\u00e1 que ter um la\u00e7o de amizade com o chefe pode atrapalhar ou ajudar na ascens\u00e3o profissional? Uma pesquisa realizada recentemente com 325 profissionais pela Trabalhando.com, revela que a maioria dos entrevistados (52%) acredita que a amizade com o chefe \u00e9 algo positivo para a carreira, e que ela pode at\u00e9 harmonizar o ambiente profissional. Dos demais entrevistados, 48% acreditam que a amizade atrapalha a carreira, e causa confus\u00e3o entre o profissional e o pessoal ou ent\u00e3o causar uma mal estar com os colegas.<\/p>\n<p>Para Renato Grinberg, autor do best seller &#8220;A estrat\u00e9gia do olho de tigre&#8221;, uma rela\u00e7\u00e3o extraprofissional pode otimizar processos, facilitar o di\u00e1logo e suavizar a tens\u00e3o do ambiente de trabalho. \u201cA amizade contribui muito, mas, por outro lado, os la\u00e7os afetivos podem ser meio caminho para que excessos de intimidade e poss\u00edveis favorecimentos venham \u00e0 tona, gerando mal-estar entre os colegas e at\u00e9 mesmo uma competitividade negativa. O importante \u00e9 sempre se manter o bom senso nesses casos\u201d, explica. O especialista d\u00e1 5 dicas para que colaboradores n\u00e3o transformem amizade com o chefe em um problema:<\/p>\n<p><strong>1. Se voc\u00ea e seu chefe j\u00e1 eram amigos, n\u00e3o exponha nada que possa se transformar em piada, como apelidos ou hist\u00f3rias engra\u00e7adas;<\/strong><\/p>\n<p><strong>2. Evite fazer coment\u00e1rios do que voc\u00eas fazem ou onde v\u00e3o fora do hor\u00e1rio de trabalho;<\/strong><\/p>\n<p><strong>3. N\u00e3o aproveite os momentos de lazer com o chefe para criticar colegas ou fofocar sobre eles;<\/strong><\/p>\n<p><strong>4. Cuidado: alguns chefes se aproximam dos subordinados para arrancar informa\u00e7\u00f5es pessoais. Dependendo do gestor, tudo o que voc\u00ea disser poder\u00e1 ser usado contra voc\u00ea e n\u00e3o a seu favor;<\/strong><\/p>\n<p><strong>5. \u00c9 preciso colocar sua carreira em primeiro lugar, n\u00e3o tenha medo de desapontar seu \u201cchefe\/amigo\u201d caso surja uma oportunidade em outra empresa.<\/strong><\/p>\n<p>Fonte: <a href=\"http:\/\/blog.automatizando.com.br\/2012\/07\/amizade-com-o-chefe-funciona.html\" target=\"_blank\" rel=\"noopener\"><strong>automatizando<\/strong><\/a><\/p>\n","protected":false},"excerpt":{"rendered":"<p>(&#8230;) Ser\u00e1 que ter um la\u00e7o de amizade com o chefe pode atrapalhar ou ajudar na ascens\u00e3o profissional? Uma pesquisa realizada recentemente com 325 profissionais pela Trabalhando.com, revela que a maioria dos entrevistados (52%) acredita que a amizade com o chefe \u00e9 algo positivo para a carreira, e que ela pode at\u00e9 harmonizar o ambiente [&hellip;]<\/p>\n","protected":false},"author":1,"featured_media":0,"comment_status":"open","ping_status":"open","sticky":false,"template":"","format":"standard","meta":{"footnotes":""},"categories":[640],"tags":[1656,2353,2354,240],"class_list":["post-6901","post","type-post","status-publish","format-standard","hentry","category-empreendedorismo","tag-amigo","tag-amizade","tag-chefe","tag-trabalho"],"_links":{"self":[{"href":"https:\/\/dennytorres.com\/site\/wp-json\/wp\/v2\/posts\/6901","targetHints":{"allow":["GET"]}}],"collection":[{"href":"https:\/\/dennytorres.com\/site\/wp-json\/wp\/v2\/posts"}],"about":[{"href":"https:\/\/dennytorres.com\/site\/wp-json\/wp\/v2\/types\/post"}],"author":[{"embeddable":true,"href":"https:\/\/dennytorres.com\/site\/wp-json\/wp\/v2\/users\/1"}],"replies":[{"embeddable":true,"href":"https:\/\/dennytorres.com\/site\/wp-json\/wp\/v2\/comments?post=6901"}],"version-history":[{"count":0,"href":"https:\/\/dennytorres.com\/site\/wp-json\/wp\/v2\/posts\/6901\/revisions"}],"wp:attachment":[{"href":"https:\/\/dennytorres.com\/site\/wp-json\/wp\/v2\/media?parent=6901"}],"wp:term":[{"taxonomy":"category","embeddable":true,"href":"https:\/\/dennytorres.com\/site\/wp-json\/wp\/v2\/categories?post=6901"},{"taxonomy":"post_tag","embeddable":true,"href":"https:\/\/dennytorres.com\/site\/wp-json\/wp\/v2\/tags?post=6901"}],"curies":[{"name":"wp","href":"https:\/\/api.w.org\/{rel}","templated":true}]}}