{"id":7017,"date":"2012-09-05T08:44:57","date_gmt":"2012-09-05T11:44:57","guid":{"rendered":"http:\/\/dennytorres.com\/?p=7017"},"modified":"2012-09-05T08:44:57","modified_gmt":"2012-09-05T11:44:57","slug":"ranking-dos-politicos","status":"publish","type":"post","link":"https:\/\/dennytorres.com\/site\/ranking-dos-politicos\/","title":{"rendered":"Ranking dos pol\u00edticos"},"content":{"rendered":"<p>http:\/\/youtu.be\/Vv6eJQSj6M4<\/p>\n<p>Excelente id\u00e9ia. Confesso que sempre tive dificuldade em escolher os meus cadidatos. Normalmente as informa\u00e7\u00f5es sobre eles ficam muito fragmentadas e em fontes n\u00e3o muito confi\u00e1veis.<\/p>\n<p>Acredito que seja mais f\u00e1cil para quem fica acompanhando a vida deles todos os dias nos jornais como fazem algumas pessoas que conhe\u00e7o, mas definitivamente n\u00e3o \u00e9 para mim.<\/p>\n<p><a href=\"http:\/\/www.politicos.org.br\/\" target=\"_blank\" rel=\"noopener\"><strong>O Site Ranking dos Pol\u00edticos<\/strong><\/a> realmente \u00e9 uma grande sacada. Parab\u00e9ns pela iniciativa.<\/p>\n<p>ACESSEM <a href=\"http:\/\/www.politicos.org.br\/\" target=\"_blank\" rel=\"noopener\"><strong>http:\/\/www.politicos.org.br\/<\/strong><\/a><\/p>\n<p><a href=\"http:\/\/www.politicos.org.br\/\" target=\"_blank\" rel=\"noopener\"><img fetchpriority=\"high\" decoding=\"async\" class=\"aligncenter size-full wp-image-7018\" title=\"Ranking\" src=\"http:\/\/dennytorres.files.wordpress.com\/2012\/09\/ranking.png\" alt=\"\" width=\"600\" height=\"351\" \/><\/a><\/p>\n","protected":false},"excerpt":{"rendered":"<p>http:\/\/youtu.be\/Vv6eJQSj6M4 Excelente id\u00e9ia. Confesso que sempre tive dificuldade em escolher os meus cadidatos. Normalmente as informa\u00e7\u00f5es sobre eles ficam muito fragmentadas e em fontes n\u00e3o muito confi\u00e1veis. Acredito que seja mais f\u00e1cil para quem fica acompanhando a vida deles todos os dias nos jornais como fazem algumas pessoas que conhe\u00e7o, mas definitivamente n\u00e3o \u00e9 para [&hellip;]<\/p>\n","protected":false},"author":1,"featured_media":0,"comment_status":"open","ping_status":"open","sticky":false,"template":"","format":"standard","meta":{"footnotes":""},"categories":[84,577],"tags":[1340,876,2379,2380],"class_list":["post-7017","post","type-post","status-publish","format-standard","hentry","category-curiosidades","category-noticias","tag-eleicoes","tag-politicos","tag-pontuacao","tag-ranking"],"_links":{"self":[{"href":"https:\/\/dennytorres.com\/site\/wp-json\/wp\/v2\/posts\/7017","targetHints":{"allow":["GET"]}}],"collection":[{"href":"https:\/\/dennytorres.com\/site\/wp-json\/wp\/v2\/posts"}],"about":[{"href":"https:\/\/dennytorres.com\/site\/wp-json\/wp\/v2\/types\/post"}],"author":[{"embeddable":true,"href":"https:\/\/dennytorres.com\/site\/wp-json\/wp\/v2\/users\/1"}],"replies":[{"embeddable":true,"href":"https:\/\/dennytorres.com\/site\/wp-json\/wp\/v2\/comments?post=7017"}],"version-history":[{"count":0,"href":"https:\/\/dennytorres.com\/site\/wp-json\/wp\/v2\/posts\/7017\/revisions"}],"wp:attachment":[{"href":"https:\/\/dennytorres.com\/site\/wp-json\/wp\/v2\/media?parent=7017"}],"wp:term":[{"taxonomy":"category","embeddable":true,"href":"https:\/\/dennytorres.com\/site\/wp-json\/wp\/v2\/categories?post=7017"},{"taxonomy":"post_tag","embeddable":true,"href":"https:\/\/dennytorres.com\/site\/wp-json\/wp\/v2\/tags?post=7017"}],"curies":[{"name":"wp","href":"https:\/\/api.w.org\/{rel}","templated":true}]}}