{"id":7035,"date":"2012-09-06T21:34:43","date_gmt":"2012-09-07T00:34:43","guid":{"rendered":"http:\/\/dennytorres.com\/?p=7035"},"modified":"2012-09-06T21:34:43","modified_gmt":"2012-09-07T00:34:43","slug":"acelere-o-boot-do-mac-com-3-dicas-simples","status":"publish","type":"post","link":"https:\/\/dennytorres.com\/site\/acelere-o-boot-do-mac-com-3-dicas-simples\/","title":{"rendered":"Acelere o boot do Mac com 3 dicas simples"},"content":{"rendered":"<blockquote>\n<h2>Passo 1: verifique os drives externos<\/h2>\n<p>Se voc\u00ea tem pen drives, discos USB, leitores de cart\u00e3o, c\u00e2meras ou outros perif\u00e9ricos de armazenamento conectados permanentemente ao seu Mac, fa\u00e7a a experi\u00eancia de remov\u00ea-los antes de um reboot e cronometre a diferen\u00e7a. Se perceber grande diferen\u00e7a, teste-os isoladamente at\u00e9 encontrar o culpado, e considere deix\u00e1-lo desconectado durante reboots, substitui-lo ou mesmo conformar-se com a demora de inicializa\u00e7\u00e3o que ele causa.<\/p>\n<p>Nem todo perif\u00e9rico de armazenamento causa este tipo de demora, mas os que causam costumam ser discretos, e voc\u00ea nem percebe que s\u00e3o eles que est\u00e3o consumindo longos 10 a 15 segundos a mais para deixar seu Mac inicializar.<\/p>\n<p>Um detalhe: nem sempre \u00e9 \u00f3bvio que um perif\u00e9rico USB \u00e9 dotado de armazenamento, e nem sempre a demora \u00e9 causada por falha de projeto ou por problema f\u00edsico. At\u00e9 alguns modems externos, impressoras e interfaces para outros dispositivos apresentam-se ao computador como se fossem (ou tivessem) um HD ou drive de CD embutido, para permitir a instala\u00e7\u00e3o de drivers e a grava\u00e7\u00e3o de arquivos de configura\u00e7\u00e3o.<\/p>\n<h2>Passo 2: Avalie os seus Itens de In\u00edcio de Sess\u00e3o<\/h2>\n<p>A lista mais vis\u00edvel dos apps e utilit\u00e1rios que s\u00e3o executados automaticamente a cada login (e que contribuem para a demora na disponibilidade ap\u00f3s o boot) \u00e9 a que pode ser encontrada nas <strong><span style=\"text-decoration:underline;\"><tt>Prefer\u00eancias do Sistema<\/tt><\/span>, \u00edcone <tt><span style=\"text-decoration:underline;\">Usu\u00e1rios<\/span> e <span style=\"text-decoration:underline;\">Grupos<\/span><\/tt>, aba <span style=\"text-decoration:underline;\"><tt>Itens de In. de Sess\u00e3o<\/tt><\/span>.<\/strong><\/p>\n<p><a href=\"http:\/\/dennytorres.files.wordpress.com\/2012\/09\/itens-inicio-278103.png\"><img fetchpriority=\"high\" decoding=\"async\" class=\"aligncenter size-full wp-image-7036\" title=\"itens-inicio-278103\" src=\"http:\/\/dennytorres.files.wordpress.com\/2012\/09\/itens-inicio-278103.png\" alt=\"\" width=\"600\" height=\"461\" \/><\/a><\/p>\n<p>A imagem acima mostra os meus itens de in\u00edcio de sess\u00e3o no MacBook. A sua pode variar, claro, mas o essencial \u00e9 que n\u00e3o contenha nenhum app ou utilit\u00e1rio contra a sua vontade, ou desnecessariamente.<\/p>\n<p>Se for o caso, remova-o clicando nele e em seguida no sinal de \u2013 que fica abaixo da lista, e a\u00ed passe a execut\u00e1-lo s\u00f3 no momento em que ele for necess\u00e1rio, sem atrasar desnecessariamente a disponibilidade plena do seu sistema a cada boot!<\/p>\n<h2>Passo 3: Desative a restaura\u00e7\u00e3o de janelas<\/h2>\n<p>A restaura\u00e7\u00e3o de janelas, introduzida no lan\u00e7amento do OS X Lion, \u00e9 o recurso que, entre outras fun\u00e7\u00f5es, reabre os aplicativos que estavam abertos (e seus documentos) ap\u00f3s um reboot.<\/p>\n<p>Se ele for \u00fatil para voc\u00ea, mantenha, mas lembre-se que ele pode fazer a disponibilidade do sistema ap\u00f3s o login em um reboot variar bastante, dependendo de quais e quantos apps e documentos estavam abertos.<\/p>\n<p>Pode ser poss\u00edvel escolher na janela de confirma\u00e7\u00e3o do reboot se voc\u00ea quer que os aplicativos sejam reabertos na pr\u00f3xima inicializa\u00e7\u00e3o, mas se voc\u00ea quiser manter o recurso desativado definitivamente, pode marcar a op\u00e7\u00e3o em <strong><tt>Prefer\u00eancias do Sistema<\/tt><\/strong> | <tt>Geral<\/tt>. (obs: se voc\u00ea ainda estiver usando o OS X Lion, a\u00ed voc\u00ea deve <em>desmarcar<\/em> a op\u00e7\u00e3o \u201cRestaurar janelas ao encerrar e reabrir aplicativos\u201d)<\/p><\/blockquote>\n<p>Fonte: <a href=\"http:\/\/br-mac.org\/2012\/08\/acelere-o-boot-do-mac-com-3-dicas-simples\/\" target=\"_blank\" rel=\"noopener\"><strong>br-mac<\/strong><\/a><\/p>\n","protected":false},"excerpt":{"rendered":"<p>Passo 1: verifique os drives externos Se voc\u00ea tem pen drives, discos USB, leitores de cart\u00e3o, c\u00e2meras ou outros perif\u00e9ricos de armazenamento conectados permanentemente ao seu Mac, fa\u00e7a a experi\u00eancia de remov\u00ea-los antes de um reboot e cronometre a diferen\u00e7a. Se perceber grande diferen\u00e7a, teste-os isoladamente at\u00e9 encontrar o culpado, e considere deix\u00e1-lo desconectado durante [&hellip;]<\/p>\n","protected":false},"author":1,"featured_media":0,"comment_status":"open","ping_status":"open","sticky":false,"template":"","format":"standard","meta":{"footnotes":""},"categories":[84,55],"tags":[2382,246,943,315],"class_list":["post-7035","post","type-post","status-publish","format-standard","hentry","category-curiosidades","category-macintosh","tag-acelerar","tag-apple","tag-boot","tag-mac"],"_links":{"self":[{"href":"https:\/\/dennytorres.com\/site\/wp-json\/wp\/v2\/posts\/7035","targetHints":{"allow":["GET"]}}],"collection":[{"href":"https:\/\/dennytorres.com\/site\/wp-json\/wp\/v2\/posts"}],"about":[{"href":"https:\/\/dennytorres.com\/site\/wp-json\/wp\/v2\/types\/post"}],"author":[{"embeddable":true,"href":"https:\/\/dennytorres.com\/site\/wp-json\/wp\/v2\/users\/1"}],"replies":[{"embeddable":true,"href":"https:\/\/dennytorres.com\/site\/wp-json\/wp\/v2\/comments?post=7035"}],"version-history":[{"count":0,"href":"https:\/\/dennytorres.com\/site\/wp-json\/wp\/v2\/posts\/7035\/revisions"}],"wp:attachment":[{"href":"https:\/\/dennytorres.com\/site\/wp-json\/wp\/v2\/media?parent=7035"}],"wp:term":[{"taxonomy":"category","embeddable":true,"href":"https:\/\/dennytorres.com\/site\/wp-json\/wp\/v2\/categories?post=7035"},{"taxonomy":"post_tag","embeddable":true,"href":"https:\/\/dennytorres.com\/site\/wp-json\/wp\/v2\/tags?post=7035"}],"curies":[{"name":"wp","href":"https:\/\/api.w.org\/{rel}","templated":true}]}}