{"id":7136,"date":"2012-10-29T21:37:14","date_gmt":"2012-10-30T00:37:14","guid":{"rendered":"http:\/\/dennytorres.com\/?p=7136"},"modified":"2012-10-29T21:37:14","modified_gmt":"2012-10-30T00:37:14","slug":"nvram-e-a-pram-no-mac","status":"publish","type":"post","link":"https:\/\/dennytorres.com\/site\/nvram-e-a-pram-no-mac\/","title":{"rendered":"NVRAM e a PRAM no Mac"},"content":{"rendered":"<div>\n<blockquote><p>O Mac armazena certas informa\u00e7\u00f5es em uma \u00e1rea especial da mem\u00f3ria mesmo quando est\u00e1 desligado.\u00a0 Nos Macs Intel, o armazenamento \u00e9 feito em uma mem\u00f3ria conhecida como NVRAM; nos Macs PowerPC, na mem\u00f3ria PRAM.<\/p>\n<p>As informa\u00e7\u00f5es armazenadas na NVRAM\/PRAM incluem:<\/p>\n<ul>\n<li>Volume do alto-falante<\/li>\n<li>Resolu\u00e7\u00e3o da tela<\/li>\n<li>Sele\u00e7\u00e3o de disco de inicializa\u00e7\u00e3o<\/li>\n<li>Informa\u00e7\u00f5es recentes de alarme do kernel, se houver<\/li>\n<\/ul>\n<p>Se voc\u00ea passar por problemas relacionados a estas fun\u00e7\u00f5es, pode ser necess\u00e1rio reiniciar a NVRAM ou a PRAM. Por exemplo, se o Mac for iniciado com um disco de inicializa\u00e7\u00e3o diferente do especificado nas prefer\u00eancias Disco de Inicializa\u00e7\u00e3o, ou se um \u00edcone em forma de &#8220;ponto de interroga\u00e7\u00e3o&#8221; aparecer brevemente enquanto o Mac estiver sendo inicializado, redefinir a NVRAM ou a PRAM pode ajudar.<\/p>\n<p><strong>Nota<\/strong>:\u00a0O OS X n\u00e3o armazena as configura\u00e7\u00f5es de rede na PRAM. Se voc\u00ea estiver solucionando problemas de rede, efetuar a reinicializa\u00e7\u00e3o n\u00e3o ajudar\u00e1.<\/p>\n<h4><a>Reinicializa\u00e7\u00e3o da NVRAM \/ PRAM<\/a><\/h4>\n<\/blockquote>\n<div>\n<blockquote>\n<ol>\n<li>Desligue o Mac.<\/li>\n<li>Localize as teclas a seguir no teclado: <strong>Command, Option, P e R<\/strong>. Na etapa 4, voc\u00ea dever\u00e1 pressionar essas teclas simultaneamente.<\/li>\n<li>Ligue o computador.<\/li>\n<li>Mantenha as teclas <strong>Command-Option-P-R<\/strong> pressionadas at\u00e9 que a tela cinza de inicializa\u00e7\u00e3o seja exibida.<\/li>\n<li>Mantenha as teclas pressionadas at\u00e9 o computador ser reiniciado e emitir o som de inicializa\u00e7\u00e3o pela segunda vez.<\/li>\n<li>Solte as teclas.<\/li>\n<\/ol>\n<p>Depois de redefinir a NVRAM ou a PRAM, voc\u00ea talvez precise reconfigurar os ajustes de volume do alto-falante, a resolu\u00e7\u00e3o da tela, a sele\u00e7\u00e3o do disco de inicializa\u00e7\u00f5es e as informa\u00e7\u00f5es de fuso hor\u00e1rio. Se o problema persistir, significa que a bateria da placa l\u00f3gica do Mac (n\u00e3o a bateria recarreg\u00e1vel do Mac) talvez precise ser substitu\u00edda. A bateria da placa l\u00f3gica ajuda a manter os ajustes da NVRAM\/PRAM quando o computador est\u00e1 desligado. Voc\u00ea pode levar o Mac at\u00e9 um Mac Genius ou Centro de Servi\u00e7o Autorizado Apple para substituir a bateria da placa l\u00f3gica.<\/p><\/blockquote>\n<blockquote><p><span style=\"text-decoration:underline;\">Redefinindo a mem\u00f3ria NVRAM no Open Firmware<\/span><\/p>\n<p>Se o seu computador utiliza Open Firmware e voc\u00ea n\u00e3o consegue redefinir a mem\u00f3ria NVRAM como descrito acima, tente redefinir os ajustes de NVRAM e Open Firmware seguindo as etapas na se\u00e7\u00e3o Resolu\u00e7\u00e3o do artigo <a href=\"http:\/\/support.apple.com\/kb\/TS1812?viewlocale=pt_BR\">Mensagem &#8220;Para continuar a inicializa\u00e7\u00e3o, digite &#8216;mac-boot&#8217; e pressione retornar&#8221;<\/a>.<\/p>\n<p>Em alguns casos, um computador Open Firmware pode n\u00e3o responder aos comandos do teclado observados acima e podem n\u00e3o permitir o in\u00edcio no Open Firmware pressionando e mantendo pressionadas as teclas Command, Option, O e F durante a inicializa\u00e7\u00e3o.\u00a0 Se n\u00e3o for poss\u00edvel obter uma solicita\u00e7\u00e3o de Open Firmware (e se o seu Mac suportar isso), tente manter o bot\u00e3o de liga\/desliga pressionado durante a inicializa\u00e7\u00e3o.<\/p><\/blockquote>\n<p>Fonte: <a href=\"http:\/\/support.apple.com\/kb\/HT1379?viewlocale=pt_BR&amp;locale=pt_BR\" target=\"_blank\" rel=\"noopener\"><strong>Apple<\/strong><\/a><\/p>\n<\/div>\n<\/div>\n","protected":false},"excerpt":{"rendered":"<p>O Mac armazena certas informa\u00e7\u00f5es em uma \u00e1rea especial da mem\u00f3ria mesmo quando est\u00e1 desligado.\u00a0 Nos Macs Intel, o armazenamento \u00e9 feito em uma mem\u00f3ria conhecida como NVRAM; nos Macs PowerPC, na mem\u00f3ria PRAM. As informa\u00e7\u00f5es armazenadas na NVRAM\/PRAM incluem: Volume do alto-falante Resolu\u00e7\u00e3o da tela Sele\u00e7\u00e3o de disco de inicializa\u00e7\u00e3o Informa\u00e7\u00f5es recentes de alarme [&hellip;]<\/p>\n","protected":false},"author":1,"featured_media":0,"comment_status":"open","ping_status":"open","sticky":false,"template":"","format":"standard","meta":{"footnotes":""},"categories":[84,577],"tags":[315,447,1874,1875,2420],"class_list":["post-7136","post","type-post","status-publish","format-standard","hentry","category-curiosidades","category-noticias","tag-mac","tag-memoria","tag-nvram","tag-pram","tag-reiniciar"],"_links":{"self":[{"href":"https:\/\/dennytorres.com\/site\/wp-json\/wp\/v2\/posts\/7136","targetHints":{"allow":["GET"]}}],"collection":[{"href":"https:\/\/dennytorres.com\/site\/wp-json\/wp\/v2\/posts"}],"about":[{"href":"https:\/\/dennytorres.com\/site\/wp-json\/wp\/v2\/types\/post"}],"author":[{"embeddable":true,"href":"https:\/\/dennytorres.com\/site\/wp-json\/wp\/v2\/users\/1"}],"replies":[{"embeddable":true,"href":"https:\/\/dennytorres.com\/site\/wp-json\/wp\/v2\/comments?post=7136"}],"version-history":[{"count":0,"href":"https:\/\/dennytorres.com\/site\/wp-json\/wp\/v2\/posts\/7136\/revisions"}],"wp:attachment":[{"href":"https:\/\/dennytorres.com\/site\/wp-json\/wp\/v2\/media?parent=7136"}],"wp:term":[{"taxonomy":"category","embeddable":true,"href":"https:\/\/dennytorres.com\/site\/wp-json\/wp\/v2\/categories?post=7136"},{"taxonomy":"post_tag","embeddable":true,"href":"https:\/\/dennytorres.com\/site\/wp-json\/wp\/v2\/tags?post=7136"}],"curies":[{"name":"wp","href":"https:\/\/api.w.org\/{rel}","templated":true}]}}