{"id":7170,"date":"2012-11-12T20:30:02","date_gmt":"2012-11-12T23:30:02","guid":{"rendered":"http:\/\/dennytorres.com\/?p=7170"},"modified":"2012-11-12T20:30:02","modified_gmt":"2012-11-12T23:30:02","slug":"operacao-urbana-porto-maravilha-rio-de-janeiro","status":"publish","type":"post","link":"https:\/\/dennytorres.com\/site\/operacao-urbana-porto-maravilha-rio-de-janeiro\/","title":{"rendered":"Opera\u00e7\u00e3o urbana &#8211; Porto Maravilha &#8211; Rio de Janeiro"},"content":{"rendered":"<h1>Porto do Rio de Janeiro ap\u00f3s as obras<\/h1>\n<p>&nbsp;<\/p>\n<p><iframe title=\"Porto do Rio de Janeiro ap\u00f3s as obras\" src=\"https:\/\/player.vimeo.com\/video\/53315545?dnt=1&amp;app_id=122963\" width=\"640\" height=\"360\" frameborder=\"0\" allow=\"autoplay; fullscreen; picture-in-picture; clipboard-write\"><\/iframe><\/p>\n","protected":false},"excerpt":{"rendered":"<p>Porto do Rio de Janeiro ap\u00f3s as obras &nbsp;<\/p>\n","protected":false},"author":1,"featured_media":0,"comment_status":"open","ping_status":"open","sticky":false,"template":"","format":"standard","meta":{"footnotes":""},"categories":[68,577],"tags":[2425,1512,1618,2426,1276,2427],"class_list":["post-7170","post","type-post","status-publish","format-standard","hentry","category-arquitetura","category-noticias","tag-maravilha","tag-obra","tag-porto","tag-prefeitura","tag-rio-de-janeiro","tag-urbana"],"_links":{"self":[{"href":"https:\/\/dennytorres.com\/site\/wp-json\/wp\/v2\/posts\/7170","targetHints":{"allow":["GET"]}}],"collection":[{"href":"https:\/\/dennytorres.com\/site\/wp-json\/wp\/v2\/posts"}],"about":[{"href":"https:\/\/dennytorres.com\/site\/wp-json\/wp\/v2\/types\/post"}],"author":[{"embeddable":true,"href":"https:\/\/dennytorres.com\/site\/wp-json\/wp\/v2\/users\/1"}],"replies":[{"embeddable":true,"href":"https:\/\/dennytorres.com\/site\/wp-json\/wp\/v2\/comments?post=7170"}],"version-history":[{"count":0,"href":"https:\/\/dennytorres.com\/site\/wp-json\/wp\/v2\/posts\/7170\/revisions"}],"wp:attachment":[{"href":"https:\/\/dennytorres.com\/site\/wp-json\/wp\/v2\/media?parent=7170"}],"wp:term":[{"taxonomy":"category","embeddable":true,"href":"https:\/\/dennytorres.com\/site\/wp-json\/wp\/v2\/categories?post=7170"},{"taxonomy":"post_tag","embeddable":true,"href":"https:\/\/dennytorres.com\/site\/wp-json\/wp\/v2\/tags?post=7170"}],"curies":[{"name":"wp","href":"https:\/\/api.w.org\/{rel}","templated":true}]}}