{"id":7302,"date":"2013-01-11T07:54:14","date_gmt":"2013-01-11T10:54:14","guid":{"rendered":"http:\/\/dennytorres.com\/?p=7302"},"modified":"2013-01-11T07:54:14","modified_gmt":"2013-01-11T10:54:14","slug":"a-casa-e-de-maria-ou-a-casa-e-da-maria","status":"publish","type":"post","link":"https:\/\/dennytorres.com\/site\/a-casa-e-de-maria-ou-a-casa-e-da-maria\/","title":{"rendered":"A casa \u00e9 &#8220;de&#8221; Maria ou a casa \u00e9 &#8220;da&#8221; Maria?"},"content":{"rendered":"<p style=\"text-align:center;\"><a href=\"http:\/\/dennytorres.files.wordpress.com\/2009\/08\/lingua-portuguesa.jpg\"><img fetchpriority=\"high\" decoding=\"async\" class=\"aligncenter  wp-image-273\" alt=\"lingua portuguesa\" src=\"http:\/\/dennytorres.files.wordpress.com\/2009\/08\/lingua-portuguesa.jpg\" width=\"224\" height=\"288\" \/><\/a><\/p>\n<p>Sabemos que o regionalismo influencia significativamente na maneira que as pessoas se expressam.<\/p>\n<p>Para quem sempre tem a d\u00favida, segue a orienta\u00e7\u00e3o do <strong>Professor Pascoale<\/strong>.<\/p>\n<p><strong><a href=\"http:\/\/radioglobo.globoradio.globo.com\/playlist\/asxFlowplayer.php?mediaId=264403&amp;OAS_sitepage=radioglobo\/programa\/pasquale&amp;radioSigla=RADGL&amp;servicoSigla=TIOND1&amp;formatoPlaylist=MP3\" target=\"_blank\" rel=\"noopener\">CLIQUE AQUI PARA OUVIR A EXPLICA\u00c7\u00c3O<\/a><\/strong><\/p>\n<p>Fonte: <a href=\"http:\/\/radioglobo.globoradio.globo.com\/com-a-palavra,-o-professor-pasquale\/2012\/09\/12\/A-CASA-E-DE-OU-DA-MARIA.htm\" target=\"_blank\" rel=\"noopener\"><strong>R\u00e1dio Globo<\/strong><\/a><\/p>\n","protected":false},"excerpt":{"rendered":"<p>Sabemos que o regionalismo influencia significativamente na maneira que as pessoas se expressam. Para quem sempre tem a d\u00favida, segue a orienta\u00e7\u00e3o do Professor Pascoale. CLIQUE AQUI PARA OUVIR A EXPLICA\u00c7\u00c3O Fonte: R\u00e1dio Globo<\/p>\n","protected":false},"author":1,"featured_media":0,"comment_status":"open","ping_status":"open","sticky":false,"template":"","format":"standard","meta":{"footnotes":""},"categories":[84],"tags":[1685,2419,2487,574,1435,1952],"class_list":["post-7302","post","type-post","status-publish","format-standard","hentry","category-curiosidades","tag-globo","tag-lingua","tag-pascoale","tag-portugues","tag-professor","tag-radio"],"_links":{"self":[{"href":"https:\/\/dennytorres.com\/site\/wp-json\/wp\/v2\/posts\/7302","targetHints":{"allow":["GET"]}}],"collection":[{"href":"https:\/\/dennytorres.com\/site\/wp-json\/wp\/v2\/posts"}],"about":[{"href":"https:\/\/dennytorres.com\/site\/wp-json\/wp\/v2\/types\/post"}],"author":[{"embeddable":true,"href":"https:\/\/dennytorres.com\/site\/wp-json\/wp\/v2\/users\/1"}],"replies":[{"embeddable":true,"href":"https:\/\/dennytorres.com\/site\/wp-json\/wp\/v2\/comments?post=7302"}],"version-history":[{"count":0,"href":"https:\/\/dennytorres.com\/site\/wp-json\/wp\/v2\/posts\/7302\/revisions"}],"wp:attachment":[{"href":"https:\/\/dennytorres.com\/site\/wp-json\/wp\/v2\/media?parent=7302"}],"wp:term":[{"taxonomy":"category","embeddable":true,"href":"https:\/\/dennytorres.com\/site\/wp-json\/wp\/v2\/categories?post=7302"},{"taxonomy":"post_tag","embeddable":true,"href":"https:\/\/dennytorres.com\/site\/wp-json\/wp\/v2\/tags?post=7302"}],"curies":[{"name":"wp","href":"https:\/\/api.w.org\/{rel}","templated":true}]}}