{"id":737,"date":"2009-09-19T09:25:08","date_gmt":"2009-09-19T12:25:08","guid":{"rendered":"http:\/\/dennytorres.wordpress.com\/?p=737"},"modified":"2009-09-19T09:25:08","modified_gmt":"2009-09-19T12:25:08","slug":"o-quinto-dos-infernos","status":"publish","type":"post","link":"https:\/\/dennytorres.com\/site\/o-quinto-dos-infernos\/","title":{"rendered":"O \u201cQuinto dos\u00a0infernos\u201d"},"content":{"rendered":"<p>Algu\u00e9m sabe de onde surgiu a express\u00e3o &#8220;quinto dos infernos&#8221;?<\/p>\n<p>Durante o s\u00e9culo 18, o Brasil Col\u00f4nia pagava um alto tributo para seu colonizador, Portugal. Esse tributo incidia sobre tudo o que fosse produzido em nosso pa\u00eds e correspondia a <strong>20% (ou seja, 1\/5)<\/strong> da produ\u00e7\u00e3o. Essa taxa\u00e7\u00e3o alt\u00edssima e absurda era chamada de &#8220;<strong>O Quinto<\/strong>&#8220;.<\/p>\n<p><img fetchpriority=\"high\" decoding=\"async\" class=\"alignright size-full wp-image-738\" title=\"Tiradentes(Pedro_Am\u00e9rico_1893)\" src=\"http:\/\/dennytorres.files.wordpress.com\/2009\/09\/tiradentespedro_americo_1893.jpg\" alt=\"Tiradentes(Pedro_Am\u00e9rico_1893)\" width=\"200\" height=\"324\" \/><\/p>\n<p>Esse imposto reca\u00eda principalmente sobre a nossa produ\u00e7\u00e3o de ouro. O &#8220;Quinto&#8221; era t\u00e3o odiado pelos brasileiros, que foi apelidado de &#8220;<strong>O Quinto dos Infernos<\/strong>&#8220;.\u00a0A Coroa Portuguesa quis, em determinado momento, cobrar os &#8220;quintos atrasados&#8221; de uma \u00fanica vez, no epis\u00f3dio conhecido como &#8220;<a href=\"http:\/\/pt.wikipedia.org\/wiki\/Derrama\" target=\"_blank\" rel=\"noopener\">Derrama<\/a>&#8220;.<\/p>\n<p>Isso revoltou a popula\u00e7\u00e3o, gerando o incidente chamado de &#8220;<a href=\"http:\/\/pt.wikipedia.org\/wiki\/Inconfid\u00eancia_Mineira\" target=\"_blank\" rel=\"noopener\">Inconfid\u00eancia Mineira<\/a>&#8220;, que teve seu ponto culminante na pris\u00e3o e julgamento de Joaquim Jos\u00e9 da Silva Xavier, o Tiradentes.<\/p>\n<p>De acordo com o <a href=\"http:\/\/www.ibpt.com.br\/home\/\" target=\"_blank\" rel=\"noopener\">Instituto Brasileiro de Planejamento Tribut\u00e1rio &#8211; IBPT<\/a>, a carga tribut\u00e1ria brasileira dever\u00e1 chegar ao final deste ano de 2009 a 38% ou praticamente 2\/5(dois quintos) de nossa produ\u00e7\u00e3o. Ou seja, a carga tribut\u00e1ria que nos aflige \u00e9 praticamente o dobro daquela exigida por Portugal \u00e0 \u00e9poca da Inconfid\u00eancia Mineira, o que significa que pagamos hoje literalmente &#8220;<strong>dois quintos dos infernos<\/strong>&#8221; de impostos&#8230; Para que?<\/p>\n","protected":false},"excerpt":{"rendered":"<p>Algu\u00e9m sabe de onde surgiu a express\u00e3o &#8220;quinto dos infernos&#8221;? Durante o s\u00e9culo 18, o Brasil Col\u00f4nia pagava um alto tributo para seu colonizador, Portugal. Esse tributo incidia sobre tudo o que fosse produzido em nosso pa\u00eds e correspondia a 20% (ou seja, 1\/5) da produ\u00e7\u00e3o. Essa taxa\u00e7\u00e3o alt\u00edssima e absurda era chamada de &#8220;O [&hellip;]<\/p>\n","protected":false},"author":1,"featured_media":0,"comment_status":"open","ping_status":"open","sticky":false,"template":"","format":"standard","meta":{"footnotes":""},"categories":[71],"tags":[288,289,290,291,292],"class_list":["post-737","post","type-post","status-publish","format-standard","hentry","category-posts-diversos","tag-derrama","tag-inconfidencia","tag-mineira","tag-quinto","tag-tiradentes"],"_links":{"self":[{"href":"https:\/\/dennytorres.com\/site\/wp-json\/wp\/v2\/posts\/737","targetHints":{"allow":["GET"]}}],"collection":[{"href":"https:\/\/dennytorres.com\/site\/wp-json\/wp\/v2\/posts"}],"about":[{"href":"https:\/\/dennytorres.com\/site\/wp-json\/wp\/v2\/types\/post"}],"author":[{"embeddable":true,"href":"https:\/\/dennytorres.com\/site\/wp-json\/wp\/v2\/users\/1"}],"replies":[{"embeddable":true,"href":"https:\/\/dennytorres.com\/site\/wp-json\/wp\/v2\/comments?post=737"}],"version-history":[{"count":0,"href":"https:\/\/dennytorres.com\/site\/wp-json\/wp\/v2\/posts\/737\/revisions"}],"wp:attachment":[{"href":"https:\/\/dennytorres.com\/site\/wp-json\/wp\/v2\/media?parent=737"}],"wp:term":[{"taxonomy":"category","embeddable":true,"href":"https:\/\/dennytorres.com\/site\/wp-json\/wp\/v2\/categories?post=737"},{"taxonomy":"post_tag","embeddable":true,"href":"https:\/\/dennytorres.com\/site\/wp-json\/wp\/v2\/tags?post=737"}],"curies":[{"name":"wp","href":"https:\/\/api.w.org\/{rel}","templated":true}]}}