{"id":7460,"date":"2013-02-22T12:35:34","date_gmt":"2013-02-22T15:35:34","guid":{"rendered":"http:\/\/dennytorres.com\/?p=7460"},"modified":"2013-02-22T12:35:34","modified_gmt":"2013-02-22T15:35:34","slug":"prato-20-menor","status":"publish","type":"post","link":"https:\/\/dennytorres.com\/site\/prato-20-menor\/","title":{"rendered":"Prato 20% menor"},"content":{"rendered":"<p><img decoding=\"async\" class=\"aligncenter wp-image-8118 size-medium\" src=\"https:\/\/dennytorres.files.wordpress.com\/2013\/02\/prato-20-menor.png?w=300\" alt=\"Prato 20% menor\" width=\"300\" height=\"163\" \/><\/p>\n<p>O objetivo dessa campanha \u00e9 alertar para a quantidade de comida desperdi\u00e7ada diariamente no pa\u00eds, cerca de 20%.<br \/>\nPratos com um formato inusitado, ao inv\u00e9 dos pratos tradicionais na hora do almo\u00e7o e do jantar em um restaurante de grande fluxo em Porto Alegre.<br \/>\nConfira a rea\u00e7\u00e3o dos clientes.<\/p>\n<p><iframe title=\"Dia Mundial da Alimenta\u00e7\u00e3o -- Ecobenef\u00edcios\" width=\"640\" height=\"360\" src=\"https:\/\/www.youtube.com\/embed\/V0FvyIYeWOI?feature=oembed\" frameborder=\"0\" allow=\"accelerometer; autoplay; clipboard-write; encrypted-media; gyroscope; picture-in-picture; web-share\" referrerpolicy=\"strict-origin-when-cross-origin\" allowfullscreen><\/iframe><\/p>\n","protected":false},"excerpt":{"rendered":"<p>O objetivo dessa campanha \u00e9 alertar para a quantidade de comida desperdi\u00e7ada diariamente no pa\u00eds, cerca de 20%. Pratos com um formato inusitado, ao inv\u00e9 dos pratos tradicionais na hora do almo\u00e7o e do jantar em um restaurante de grande fluxo em Porto Alegre. Confira a rea\u00e7\u00e3o dos clientes.<\/p>\n","protected":false},"author":1,"featured_media":0,"comment_status":"open","ping_status":"open","sticky":false,"template":"","format":"standard","meta":{"footnotes":""},"categories":[84,124],"tags":[2547,2548,804,2549,668,2152],"class_list":["post-7460","post","type-post","status-publish","format-standard","hentry","category-curiosidades","category-videos","tag-2547","tag-alimentos","tag-brasil","tag-desperdicio","tag-menor","tag-prato"],"_links":{"self":[{"href":"https:\/\/dennytorres.com\/site\/wp-json\/wp\/v2\/posts\/7460","targetHints":{"allow":["GET"]}}],"collection":[{"href":"https:\/\/dennytorres.com\/site\/wp-json\/wp\/v2\/posts"}],"about":[{"href":"https:\/\/dennytorres.com\/site\/wp-json\/wp\/v2\/types\/post"}],"author":[{"embeddable":true,"href":"https:\/\/dennytorres.com\/site\/wp-json\/wp\/v2\/users\/1"}],"replies":[{"embeddable":true,"href":"https:\/\/dennytorres.com\/site\/wp-json\/wp\/v2\/comments?post=7460"}],"version-history":[{"count":0,"href":"https:\/\/dennytorres.com\/site\/wp-json\/wp\/v2\/posts\/7460\/revisions"}],"wp:attachment":[{"href":"https:\/\/dennytorres.com\/site\/wp-json\/wp\/v2\/media?parent=7460"}],"wp:term":[{"taxonomy":"category","embeddable":true,"href":"https:\/\/dennytorres.com\/site\/wp-json\/wp\/v2\/categories?post=7460"},{"taxonomy":"post_tag","embeddable":true,"href":"https:\/\/dennytorres.com\/site\/wp-json\/wp\/v2\/tags?post=7460"}],"curies":[{"name":"wp","href":"https:\/\/api.w.org\/{rel}","templated":true}]}}