{"id":7530,"date":"2013-03-19T21:55:59","date_gmt":"2013-03-20T00:55:59","guid":{"rendered":"http:\/\/dennytorres.com\/?p=7530"},"modified":"2013-03-19T21:55:59","modified_gmt":"2013-03-20T00:55:59","slug":"problemas-na-instalacao-do-windows-usando-o-boot-camp-saiba-como-resolver-uma-serie-deles","status":"publish","type":"post","link":"https:\/\/dennytorres.com\/site\/problemas-na-instalacao-do-windows-usando-o-boot-camp-saiba-como-resolver-uma-serie-deles\/","title":{"rendered":"Problemas na instala\u00e7\u00e3o do Windows usando o Boot Camp? Saiba como resolver uma s\u00e9rie deles!"},"content":{"rendered":"<p><a href=\"http:\/\/dennytorres.files.wordpress.com\/2013\/03\/bootcamp.jpg\"><img fetchpriority=\"high\" decoding=\"async\" class=\"aligncenter size-full wp-image-7531\" alt=\"bootcamp Imac\" src=\"http:\/\/dennytorres.files.wordpress.com\/2013\/03\/bootcamp.jpg\" width=\"475\" height=\"327\" \/><\/a><\/p>\n<blockquote><p>A \u00faltima atualiza\u00e7\u00e3o para o Mountain Lion, <a href=\"http:\/\/macmagazine.com.br\/2013\/03\/14\/apos-longa-fase-de-testes-apple-libera-o-os-x-10-8-3-para-todos-os-usuarios\/\">o OS X 10.8.3<\/a>, trouxe suporte para os usu\u00e1rios de Macs que pretendem instalar o Windows 8 em computadores da Ma\u00e7\u00e3. Isso \u00e9 poss\u00edvel gra\u00e7as ao Boot Camp 5, vers\u00e3o que oferece os <em>drivers<\/em> atualizados necess\u00e1rios para a instala\u00e7\u00e3o do sistema operacional da Microsoft.<\/p>\n<p>Contudo, existem alguns por\u00e9ns: o Boot Camp Assistant 5 *n\u00e3o* \u00e9 compat\u00edvel com todos os modelos de Macs. E mais: o mesmo vale para quem quer instalar o Windows 7, tamb\u00e9m.<\/p>\n<p>Confira os modelos de Macs que suportam o Windows 8:<\/p>\n<ul>\n<li>MacBook Air (meados de 2011 ou superior).<\/li>\n<li>MacBook Pro (meados de 2010 ou superior).<\/li>\n<li>Mac Pro (in\u00edcio de 2009 ou superior).<\/li>\n<li>Mac mini (meados de 2011 ou superior).<\/li>\n<li>iMac (27 polegadas, meados de 2010, meados de 2011 ou superiores).<\/li>\n<\/ul>\n<p>Al\u00e9m disso, a instala\u00e7\u00e3o do Windows 8 exige minimamente um drive externo (pendrive ou HDD) com 8GB (para instalar os drives baixados), 2GB de RAM, 20GB (para quem est\u00e1 instalando o Windows pela primeira vez) ou 40GB (para quem est\u00e1 fazendo upgrade) de espa\u00e7o em disco, al\u00e9m, \u00e9 claro, de uma c\u00f3pia do Windows 8 em si.<\/p>\n<p>Abaixo, alguns links para artigos de suporte com problemas conhecidos oriundos da instala\u00e7\u00e3o \u2014 por serem artigos bem recentes, a Apple ainda n\u00e3o os traduziu para o portugu\u00eas:<\/p>\n<ul>\n<li><a href=\"http:\/\/macmagazine.com.br\/goto\/Boot_Camp_instala_o_do_Windows_termina_em_tela_preta_com_o_cursor_piscando\/311633\/2\" target=\"_blank\" rel=\"noopener\">Boot Camp: instala\u00e7\u00e3o do Windows termina em tela preta com o cursor piscando<\/a>.<\/li>\n<li><a href=\"http:\/\/macmagazine.com.br\/goto\/MacBook_Pro_13_polegadas_final_de_2012_tela_distorcida_ou_preta_durante_a_instala_o_do_Windows_8\/311633\/3\" target=\"_blank\" rel=\"noopener\">MacBook Pro (13 polegadas, final de 2012): tela distorcida ou preta durante a instala\u00e7\u00e3o do Windows 8<\/a>.<\/li>\n<li><a href=\"http:\/\/macmagazine.com.br\/goto\/Windows_8_iMac_meados_2011_controles_de_brilho_da_tela_no_teclado_n_o_funcionam\/311633\/4\" target=\"_blank\" rel=\"noopener\">Windows 8, iMac (meados 2011): controles de brilho da tela no teclado n\u00e3o funcionam<\/a>.<\/li>\n<li><a href=\"http:\/\/macmagazine.com.br\/goto\/Boot_Camp_dispositivos_Thunderbolt_n_o_reconhecidos_ap_s_a_atualiza_o_do_Windows_8\/311633\/5\" target=\"_blank\" rel=\"noopener\">Boot Camp: dispositivos Thunderbolt n\u00e3o reconhecidos ap\u00f3s a atualiza\u00e7\u00e3o do Windows 8<\/a>.<\/li>\n<li><a href=\"http:\/\/macmagazine.com.br\/goto\/iMac_mensagem_de_alerta_Windows_8_n_o_compat_vel_com_este_Mac_\/311633\/6\" target=\"_blank\" rel=\"noopener\">iMac: mensagem de alerta \u201cWindows 8 n\u00e3o compat\u00edvel com este Mac\u201d<\/a>.<\/li>\n<li><a href=\"http:\/\/macmagazine.com.br\/goto\/Boot_Camp_sobre_teclados_e_atribui_o_de_teclas_para_o_Microsoft_Windows\/311633\/7\" target=\"_blank\" rel=\"noopener\">Boot Camp: sobre teclados e atribui\u00e7\u00e3o de teclas para o Microsoft Windows<\/a>.<\/li>\n<li><a href=\"http:\/\/macmagazine.com.br\/goto\/Windows_8_Boot_Camp_5_MacBook_Air_meados_de_2012_n_o_inicializa_ou_exibe_gr_ficos_de_baixa_resolu_o\/311633\/8\" target=\"_blank\" rel=\"noopener\">Windows 8, Boot Camp 5: MacBook Air (meados de 2012) n\u00e3o inicializa ou exibe gr\u00e1ficos de baixa resolu\u00e7\u00e3o<\/a>.<\/li>\n<li><a href=\"http:\/\/macmagazine.com.br\/goto\/MacBook_Air_11_polegadas_meados_de_2012_alerta_durante_a_atualiza_o_do_Windows_8_para_libertar_espa_o_na_unidade_C_\/311633\/9\" target=\"_blank\" rel=\"noopener\">MacBook Air (11 polegadas, meados de 2012): alerta durante a atualiza\u00e7\u00e3o do Windows 8 para \u201clibertar espa\u00e7o na unidade C\u201d<\/a>.<\/li>\n<li><a href=\"http:\/\/macmagazine.com.br\/goto\/Windows_8_alerta_para_upgrade_do_Windows_7_para_desinstalar_o_USB_3_0_eXtensible_Host_Controller_Driver_\/311633\/10\" target=\"_blank\" rel=\"noopener\">Windows 8: alerta para upgrade do Windows 7 para \u201cdesinstalar o USB 3.0 eXtensible Host Controller Driver\u201d<\/a>.<\/li>\n<\/ul>\n<p>Para quem est\u00e1 iniciando no mundo Apple, o que o Boot Camp faz \u00e9 particionar o drive para que seja poss\u00edvel instalar o Windows 8 \u2014 ou vers\u00f5es anteriores do sistema mais famoso do mundo. Por falar em ver\u00f5es anteriores, a Ma\u00e7\u00e3 liberou hoje o <a href=\"http:\/\/macmagazine.com.br\/goto\/Boot_Camp_Support_Software_5_0_5033\/311633\/11\" target=\"_blank\" rel=\"noopener\"><strong>Boot Camp Support Software 5.0.5033<\/strong><\/a> [553,6MB], o qual cont\u00e9m drivers do Windows 7 para usu\u00e1rios que j\u00e1 desejam instalar essa vers\u00e3o do SO da Microsoft em seus Macs.<\/p><\/blockquote>\n<p>Fonte: <a href=\"http:\/\/macmagazine.com.br\/2013\/03\/15\/problemas-na-instalacao-do-windows-usando-o-boot-camp-saiba-como-resolver-uma-serie-deles\/\" target=\"_blank\" rel=\"noopener\"><strong>Macmagazine<\/strong><\/a><\/p>\n","protected":false},"excerpt":{"rendered":"<p>A \u00faltima atualiza\u00e7\u00e3o para o Mountain Lion, o OS X 10.8.3, trouxe suporte para os usu\u00e1rios de Macs que pretendem instalar o Windows 8 em computadores da Ma\u00e7\u00e3. Isso \u00e9 poss\u00edvel gra\u00e7as ao Boot Camp 5, vers\u00e3o que oferece os drivers atualizados necess\u00e1rios para a instala\u00e7\u00e3o do sistema operacional da Microsoft. Contudo, existem alguns por\u00e9ns: [&hellip;]<\/p>\n","protected":false},"author":1,"featured_media":0,"comment_status":"open","ping_status":"open","sticky":false,"template":"","format":"standard","meta":{"footnotes":""},"categories":[55,577],"tags":[1909,2512,1910,2589,212,218,2222],"class_list":["post-7530","post","type-post","status-publish","format-standard","hentry","category-macintosh","category-noticias","tag-bootcamp","tag-drivers","tag-lion","tag-montain","tag-problemas","tag-windows","tag-windows-8"],"_links":{"self":[{"href":"https:\/\/dennytorres.com\/site\/wp-json\/wp\/v2\/posts\/7530","targetHints":{"allow":["GET"]}}],"collection":[{"href":"https:\/\/dennytorres.com\/site\/wp-json\/wp\/v2\/posts"}],"about":[{"href":"https:\/\/dennytorres.com\/site\/wp-json\/wp\/v2\/types\/post"}],"author":[{"embeddable":true,"href":"https:\/\/dennytorres.com\/site\/wp-json\/wp\/v2\/users\/1"}],"replies":[{"embeddable":true,"href":"https:\/\/dennytorres.com\/site\/wp-json\/wp\/v2\/comments?post=7530"}],"version-history":[{"count":0,"href":"https:\/\/dennytorres.com\/site\/wp-json\/wp\/v2\/posts\/7530\/revisions"}],"wp:attachment":[{"href":"https:\/\/dennytorres.com\/site\/wp-json\/wp\/v2\/media?parent=7530"}],"wp:term":[{"taxonomy":"category","embeddable":true,"href":"https:\/\/dennytorres.com\/site\/wp-json\/wp\/v2\/categories?post=7530"},{"taxonomy":"post_tag","embeddable":true,"href":"https:\/\/dennytorres.com\/site\/wp-json\/wp\/v2\/tags?post=7530"}],"curies":[{"name":"wp","href":"https:\/\/api.w.org\/{rel}","templated":true}]}}