{"id":7533,"date":"2013-03-19T22:09:35","date_gmt":"2013-03-20T01:09:35","guid":{"rendered":"http:\/\/dennytorres.com\/?p=7533"},"modified":"2013-03-19T22:09:35","modified_gmt":"2013-03-20T01:09:35","slug":"vamo-embora-vu","status":"publish","type":"post","link":"https:\/\/dennytorres.com\/site\/vamo-embora-vu\/","title":{"rendered":"Vamo embora, v\u00fa?"},"content":{"rendered":"<p style=\"text-align:center;\"><a href=\"http:\/\/dennytorres.files.wordpress.com\/2009\/08\/lingua-portuguesa.jpg\"><img fetchpriority=\"high\" decoding=\"async\" class=\"aligncenter  wp-image-273\" alt=\"lingua portuguesa\" src=\"http:\/\/dennytorres.files.wordpress.com\/2009\/08\/lingua-portuguesa.jpg\" width=\"224\" height=\"288\" \/><\/a><\/p>\n<p>No baian\u00eas, existe uma express\u00e3o muito comum. O &#8220;<strong>v\u00fa<\/strong>&#8220;.<\/p>\n<p>Gramaticalmente, &#8220;<strong>vu<\/strong>&#8220;, como ox\u00edtona terminada em &#8220;u&#8221;, n\u00e3o deveria ser acentuada, mas o &#8220;<strong>v\u00fa<\/strong>&#8221; baiano tem uma for\u00e7a a mais na hora de falar.<\/p>\n<p><strong><em>V\u00fa<\/em><\/strong> \u00e9 a abrevia\u00e7\u00e3o de uma palavra que j\u00e1 \u00e9 pequena por natureza, o &#8220;<strong><em>viu&#8221;<\/em><\/strong>.<\/p>\n<p>\u00c9 que esse lance de falar tudo explicadinho \u00e9 uma perda de tempo da zorra! Se &#8220;<em><strong>d\u00e9<\/strong>&#8220;<\/em> pra abreviar&#8230; A gente abrevia, <strong>v\u00fa<\/strong>?<\/p>\n<pre><span style=\"color:#ff6600;\"><em><strong>Obs: D\u00e9 = der<\/strong><\/em><\/span><\/pre>\n","protected":false},"excerpt":{"rendered":"<p>No baian\u00eas, existe uma express\u00e3o muito comum. O &#8220;v\u00fa&#8220;. Gramaticalmente, &#8220;vu&#8220;, como ox\u00edtona terminada em &#8220;u&#8221;, n\u00e3o deveria ser acentuada, mas o &#8220;v\u00fa&#8221; baiano tem uma for\u00e7a a mais na hora de falar. V\u00fa \u00e9 a abrevia\u00e7\u00e3o de uma palavra que j\u00e1 \u00e9 pequena por natureza, o &#8220;viu&#8221;. \u00c9 que esse lance de falar tudo [&hellip;]<\/p>\n","protected":false},"author":1,"featured_media":0,"comment_status":"open","ping_status":"open","sticky":false,"template":"","format":"standard","meta":{"footnotes":""},"categories":[1045,140,84],"tags":[1046,1047,2419,574,2590],"class_list":["post-7533","post","type-post","status-publish","format-standard","hentry","category-baianes","category-besteirol","category-curiosidades","tag-baianes","tag-baiano","tag-lingua","tag-portugues","tag-vu"],"_links":{"self":[{"href":"https:\/\/dennytorres.com\/site\/wp-json\/wp\/v2\/posts\/7533","targetHints":{"allow":["GET"]}}],"collection":[{"href":"https:\/\/dennytorres.com\/site\/wp-json\/wp\/v2\/posts"}],"about":[{"href":"https:\/\/dennytorres.com\/site\/wp-json\/wp\/v2\/types\/post"}],"author":[{"embeddable":true,"href":"https:\/\/dennytorres.com\/site\/wp-json\/wp\/v2\/users\/1"}],"replies":[{"embeddable":true,"href":"https:\/\/dennytorres.com\/site\/wp-json\/wp\/v2\/comments?post=7533"}],"version-history":[{"count":0,"href":"https:\/\/dennytorres.com\/site\/wp-json\/wp\/v2\/posts\/7533\/revisions"}],"wp:attachment":[{"href":"https:\/\/dennytorres.com\/site\/wp-json\/wp\/v2\/media?parent=7533"}],"wp:term":[{"taxonomy":"category","embeddable":true,"href":"https:\/\/dennytorres.com\/site\/wp-json\/wp\/v2\/categories?post=7533"},{"taxonomy":"post_tag","embeddable":true,"href":"https:\/\/dennytorres.com\/site\/wp-json\/wp\/v2\/tags?post=7533"}],"curies":[{"name":"wp","href":"https:\/\/api.w.org\/{rel}","templated":true}]}}