{"id":7547,"date":"2013-03-22T19:50:25","date_gmt":"2013-03-22T22:50:25","guid":{"rendered":"http:\/\/dennytorres.com\/?p=7547"},"modified":"2013-03-22T19:50:25","modified_gmt":"2013-03-22T22:50:25","slug":"ah-aracaju-sergio-alves","status":"publish","type":"post","link":"https:\/\/dennytorres.com\/site\/ah-aracaju-sergio-alves\/","title":{"rendered":"Ah Aracaju! &#8211; S\u00e9rgio Alves"},"content":{"rendered":"<p style=\"text-align:center;\"><a href=\"http:\/\/dennytorres.files.wordpress.com\/2013\/03\/aracaju.jpg\"><img fetchpriority=\"high\" decoding=\"async\" class=\"aligncenter wp-image-7548\" src=\"http:\/\/dennytorres.files.wordpress.com\/2013\/03\/aracaju.jpg\" alt=\"aracaju\" width=\"357\" height=\"268\" \/><\/a><\/p>\n<blockquote><p>O despertador toca: \u00e9 hora de levantar, partir pro banho, escovar os dentes e seguir pra tomar um caf\u00e9 da manh\u00e3 refor\u00e7ado: suco de mangaba, cuscuz, apelidado carinhosamente de teimosinho, p\u00e3o Jac\u00f3, manteiga da terra e carne do sol. Quando acabo, j\u00e1 &#8220;aperriado&#8221; com o hor\u00e1rio para ir &#8220;trabalh\u00e1&#8221; dou os dois gritos necess\u00e1rios pra come\u00e7ar o dia: &#8220;ben\u00e7a m\u00e3e&#8221; e &#8220;ben\u00e7a pai&#8221;, pai que ali\u00e1s, todos ficam &#8220;mangando&#8221; que eu sou &#8216;cagado e cuspido&#8217; por ser t\u00e3o parecido. Sigo pro ponto, olho pro c\u00e9u, vejo um &#8220;casamento de raposa&#8221;, rezando pra n\u00e3o vir chuva forte e &#8220;alagaju&#8221;; &#8220;pego&#8221; o meu Circular-alguma-coisa 01, passo pela beira-mar (que beira um rio), vejo os &#8220;t\u00f3-t\u00f3-t\u00f3s&#8221;, passo pelo maior quebra-molas do mundo, apelidado carinhosamente de Viaduto da Hermes Fontes e sigo at\u00e9 o DIA, pra de l\u00e1, &#8220;peg\u00e1&#8221; outro Bus\u00e3o.<br \/>\nAh, DIA que me deixa em estado terminal, quem \u00e9 que &#8220;aguenta&#8221; esses gritos dos vendedores de &#8220;sar\u00f4io&#8221;, &#8220;m\u00e1casado&#8221; e &#8220;p\u00e9-de-moleque&#8221; de manh\u00e3 cedo? Isso me faz lembrar dos vendedores de &#8220;adicuri&#8221; (l\u00e1 no passado) e dos &#8220;guris&#8221; tocando tri\u00e2ngulo, com uma lata de tinta nas costas, vendendo &#8220;cavaco-chin\u00eas&#8221;. Mais eu n\u00e3o fico &#8220;retado&#8221;, aproveito a demora do \u00f4nibus pra olhar um mapa da cidade que est\u00e1 ali exposto, que incr\u00edvel a organiza\u00e7\u00e3o de minha cidade: al\u00e9m das ruas em Xadrez, percebo que as ruas do Bairro Am\u00e9rica s\u00e3o nomes de pa\u00edses, que as do Bairro Siqueira Campos s\u00e3o nomes de estados brasileiros e que as ruas do centro possuem nome de cidades sergipanas, uma vida toda aqui e n\u00e3o havia percebido isso.<br \/>\n\u00d3 l\u00e1, chegou meu \u00f4nibus, bato e rebato com um monte de gente que quer entrar e\u00a0 com um monte de gente que quer descer. Fila, pra qu\u00ea fila? Nossa filosofia \u00e9 chinesa&#8230; Vixe Maria, que &#8220;pa\u00eda&#8221;, n\u00e3o consegui um lugar pra sentar, mas, n\u00e3o vou ficar &#8220;barreado&#8221;, vou aproveitar esse tempo em p\u00e9, antes que algu\u00e9m fale comigo, j\u00e1 que em aqui todo mundo se conhece, pra inventar um &#8220;disdrobo&#8221; pra &#8220;gazear&#8221; o trabalho ou no m\u00ednimo ir embora mais cedo. Dizer que estou com uma dor do &#8220;cabrunco&#8221;, j\u00e1 n\u00e3o cola, acho melhor &#8220;ficar quieto&#8221; e trabalhar, afinal, hoje \u00e9 sexta.<br \/>\nHora de voltar, aguardando o meu \u00f4nibus, passa um &#8216;fio de uma quenga&#8217; com uma moto e pisa na po\u00e7a pra molhar todo mundo. Molhado, subo no meu Circular-alguma-coisa 02, junto entra a gurizada do\u00a0 EFRAIM\/MANASSES, mais uma vez, pra vender seus produtos, continuando a viagem, sinto aquele fedorzinho de mangue na curva do Iate; j\u00e1 em casa, ligo pro meu pai, pe\u00e7o o carro e ele responde: estou voltando do &#8216;mercadinho&#8217;. Eu espero, aquela fila do &#8220;g\u00eaba&#8221; deve estar enorme, ainda bem que meu velho tem mania de colocar o carrinho de compras numa fila e ficar na outra pra ver qual vai mais r\u00e1pida. Entro no ve\u00edculo, encontro a namorada, levo pra tomar um sorvete no Castelo Branco, sigo pra um restaurante na orla at\u00e9 a hora em que o Gar\u00e7om me avisa que a cozinha est\u00e1 fechando (23:00hs). Na volta, passo na frente de um show,\u00a0 vejo um monte de gente, sempre as mesmas &#8216;caras&#8217;, na frente do evento, passo por um posto de gasolina lotado de carro com som alto e logo em seguida, entro numa &#8216;pousada&#8217; com hora fracionada.<br \/>\nS\u00e1bado de folga, o dia est\u00e1 meio l\u00e1 e meio c\u00e1, se fizer sol, vou &#8220;pra praia&#8221;, andar uma infinidade do cal\u00e7ad\u00e3o at\u00e9 o mar, sentar numa cadeira e comer caranguejo, &#8220;caruru&#8221; no copinho e queijo derretido na hora. Em caso de chuva, independente do calor, \u00e9 dia de usar casaco, com bermuda ou short. A noite, pensando num programinha mais light, vou ao shopping assistir um filme no cinema, sempre, com a ligeira impress\u00e3o de que todo a cidade teve a mesma id\u00e9ia que eu. Se der sorte, n\u00e3o pego engarrafamento, afinal, Aracaju \u00e9 a cidade com a maior quantidade de carros por metro quadrado, vale ressaltar que, destes, apenas 2% tem cor diferente de cinza\/branco\/preto&#8230;<br \/>\nPoderia prosseguir por horas, falando dessa cidade maravilhosa que tanto amo; falar de express\u00f5es como &#8220;Eitcha Pentcha&#8221;, &#8220;bexiga&#8221;, &#8220;Gota serena&#8221;, &#8220;bichiguenta&#8221;, &#8220;ist\u00f4p\u00f4 balaio&#8221;, &#8220;Valeime&#8221;, &#8220;Eita p\u00eaga&#8221;, &#8220;Gastura&#8221;, &#8220;Aqu\u00e9te o faixo&#8221;; poderia falar de curiosidades como o Bar do Meio numa esquina, ou a est\u00e1tua de S\u00edlvio Romero na Pra\u00e7a Camerino, da Rua da Frente atr\u00e1s da cidade; poderia falar de comidas como &#8220;batata doce&#8221;, &#8220;fruta-p\u00e3o&#8221;, de castanha de caju torradinha, do bolo de Puba do Mercado Municipal; mas, por hora, vou preferir devotar o amor que sinto por minha terra natal: EU TE AMO ARACAJU!<br \/>\n&#8220;Da colina do Ant\u00f4nio vejo o rio, as ruas em xadrez, as casas e \u00e1rvores e uma infinidade de pessoas! Vejo Aracaju e como \u00e9 bom viver aqui&#8230;&#8221;<br \/>\n<strong>PARAB\u00c9NS PELOS SEUS 158 ANOS<\/strong><\/p><\/blockquote>\n","protected":false},"excerpt":{"rendered":"<p>O despertador toca: \u00e9 hora de levantar, partir pro banho, escovar os dentes e seguir pra tomar um caf\u00e9 da manh\u00e3 refor\u00e7ado: suco de mangaba, cuscuz, apelidado carinhosamente de teimosinho, p\u00e3o Jac\u00f3, manteiga da terra e carne do sol. Quando acabo, j\u00e1 &#8220;aperriado&#8221; com o hor\u00e1rio para ir &#8220;trabalh\u00e1&#8221; dou os dois gritos necess\u00e1rios pra [&hellip;]<\/p>\n","protected":false},"author":1,"featured_media":0,"comment_status":"open","ping_status":"open","sticky":false,"template":"","format":"standard","meta":{"footnotes":""},"categories":[84],"tags":[2591,2592,2593],"class_list":["post-7547","post","type-post","status-publish","format-standard","hentry","category-curiosidades","tag-aracaju","tag-regionalismo","tag-sergio-alves"],"_links":{"self":[{"href":"https:\/\/dennytorres.com\/site\/wp-json\/wp\/v2\/posts\/7547","targetHints":{"allow":["GET"]}}],"collection":[{"href":"https:\/\/dennytorres.com\/site\/wp-json\/wp\/v2\/posts"}],"about":[{"href":"https:\/\/dennytorres.com\/site\/wp-json\/wp\/v2\/types\/post"}],"author":[{"embeddable":true,"href":"https:\/\/dennytorres.com\/site\/wp-json\/wp\/v2\/users\/1"}],"replies":[{"embeddable":true,"href":"https:\/\/dennytorres.com\/site\/wp-json\/wp\/v2\/comments?post=7547"}],"version-history":[{"count":0,"href":"https:\/\/dennytorres.com\/site\/wp-json\/wp\/v2\/posts\/7547\/revisions"}],"wp:attachment":[{"href":"https:\/\/dennytorres.com\/site\/wp-json\/wp\/v2\/media?parent=7547"}],"wp:term":[{"taxonomy":"category","embeddable":true,"href":"https:\/\/dennytorres.com\/site\/wp-json\/wp\/v2\/categories?post=7547"},{"taxonomy":"post_tag","embeddable":true,"href":"https:\/\/dennytorres.com\/site\/wp-json\/wp\/v2\/tags?post=7547"}],"curies":[{"name":"wp","href":"https:\/\/api.w.org\/{rel}","templated":true}]}}