{"id":7553,"date":"2013-03-26T20:01:35","date_gmt":"2013-03-26T23:01:35","guid":{"rendered":"http:\/\/dennytorres.com\/?p=7553"},"modified":"2013-03-26T20:01:35","modified_gmt":"2013-03-26T23:01:35","slug":"mrv-e-alvo-do-ministerio-publico","status":"publish","type":"post","link":"https:\/\/dennytorres.com\/site\/mrv-e-alvo-do-ministerio-publico\/","title":{"rendered":"MRV \u00e9 Alvo do Minist\u00e9rio P\u00fablico"},"content":{"rendered":"<div><a href=\"http:\/\/dennytorres.files.wordpress.com\/2013\/03\/mrv.jpg\"><img decoding=\"async\" class=\"aligncenter  wp-image-7555\" alt=\"mrv\" src=\"http:\/\/dennytorres.files.wordpress.com\/2013\/03\/mrv.jpg\" width=\"297\" height=\"148\" \/><\/a><\/div>\n<blockquote>\n<div>Comprou im\u00f3vel com a MRV\u00a0Engenharia e Participa\u00e7\u00f5es S.A. e pagou comiss\u00e3o dos corretores dela?<\/div>\n<div><\/div>\n<div>Voc\u00ea sabia que o Minist\u00e9rio P\u00fablico de S\u00e3o Paulo ajuizou uma A\u00e7\u00e3o Civil P\u00fablica, ap\u00f3s tentativa frustrada de firmar Termo de Ajustamento de Conduta &#8211; TAC com essa empresa, para o fim de impedir que os valores dos corretores intermedi\u00e1rios da negocia\u00e7\u00e3o, escolhidos pela MRV, fossem repassados para os compradores pagarem?<\/div>\n<div><\/div>\n<div>Nesse processo, j\u00e1 foi at\u00e9 mesmo concedido um pedido, mesmo ainda com a a\u00e7\u00e3o em andamento e sem senten\u00e7a definitiva, que obriga a MRV a suspender a cobran\u00e7a da taxa de corretagem (<b>clique <a href=\"http:\/\/www.mp.sp.gov.br\/portal\/page\/portal\/noticias\/publicacao_noticias\/Fotos\/decis%C3%A3o%20MRV.pdf\" target=\"_blank\" rel=\"noopener\">aqui<\/a> para ver a decis\u00e3o<\/b>).<\/div>\n<div><\/div>\n<div>Um dos pedidos do MP de S\u00e3o Paulo \u00e9 que a senten\u00e7a que afaste a responsabilidade do comprador em pagar a taxa dos corretores tenha seu efeito em <span style=\"text-decoration:underline;\"><b>todo o territ\u00f3rio nacional<\/b><\/span>.<\/div>\n<div><\/div>\n<div>Ou seja, se confirmada essa situa\u00e7\u00e3o, qualquer pessoa que tenha comprado um im\u00f3vel com a MRV, em qualquer parte do Brasil, e tenha pago indevidamente taxa de corretores, ter\u00e1 o direito de executar a senten\u00e7a da A\u00e7\u00e3o Civil P\u00fablica ajuizada pelo MP em S\u00e3o Paulo (exigir a devolu\u00e7\u00e3o imediata do valor, sem a necessidade de discutir se a cobran\u00e7a \u00e9 devida ou n\u00e3o).<\/div>\n<div><\/div>\n<div>A a\u00e7\u00e3o ainda est\u00e1 em andamento e sem decis\u00e3o definitiva, mas um ponto positivo s\u00e3o os in\u00fameros casos, em todo o Brasil, que est\u00e3o afastando tal imposi\u00e7\u00e3o ao consumidor no momento da compra, o que leva a crer que poder\u00e1 essa a\u00e7\u00e3o trazer frutos aos compradores indevidamente lesados.<\/div>\n<div><\/div>\n<div>Para mais informa\u00e7\u00f5es sobre esse tipo de cobran\u00e7a, leia o seguinte artigo: &#8216;<a href=\"http:\/\/www.conjur.com.br\/2012-jul-20\/jhonson-neves-construtora-nao-impor-intermediacao-corretores\" target=\"_blank\" rel=\"noopener\">Construtora n\u00e3o pode impor intermedia\u00e7\u00e3o de corretores<\/a>&#8216;.<\/div>\n<\/blockquote>\n<div><\/div>\n<div>Fonte: <a href=\"http:\/\/www.meusdireitoscuritiba.net\/2013\/03\/mrv-e-alvo-do-ministerio-publico.html\" target=\"_blank\" rel=\"noopener\"><strong>Meusdireitoscuritiba<\/strong><\/a><\/div>\n","protected":false},"excerpt":{"rendered":"<p>Comprou im\u00f3vel com a MRV\u00a0Engenharia e Participa\u00e7\u00f5es S.A. e pagou comiss\u00e3o dos corretores dela? Voc\u00ea sabia que o Minist\u00e9rio P\u00fablico de S\u00e3o Paulo ajuizou uma A\u00e7\u00e3o Civil P\u00fablica, ap\u00f3s tentativa frustrada de firmar Termo de Ajustamento de Conduta &#8211; TAC com essa empresa, para o fim de impedir que os valores dos corretores intermedi\u00e1rios da [&hellip;]<\/p>\n","protected":false},"author":1,"featured_media":0,"comment_status":"open","ping_status":"open","sticky":false,"template":"","format":"standard","meta":{"footnotes":""},"categories":[577],"tags":[2604,2605,2606,2607,2608],"class_list":["post-7553","post","type-post","status-publish","format-standard","hentry","category-noticias","tag-cobranca","tag-construtora","tag-corretagem","tag-engenharia","tag-mrv"],"_links":{"self":[{"href":"https:\/\/dennytorres.com\/site\/wp-json\/wp\/v2\/posts\/7553","targetHints":{"allow":["GET"]}}],"collection":[{"href":"https:\/\/dennytorres.com\/site\/wp-json\/wp\/v2\/posts"}],"about":[{"href":"https:\/\/dennytorres.com\/site\/wp-json\/wp\/v2\/types\/post"}],"author":[{"embeddable":true,"href":"https:\/\/dennytorres.com\/site\/wp-json\/wp\/v2\/users\/1"}],"replies":[{"embeddable":true,"href":"https:\/\/dennytorres.com\/site\/wp-json\/wp\/v2\/comments?post=7553"}],"version-history":[{"count":0,"href":"https:\/\/dennytorres.com\/site\/wp-json\/wp\/v2\/posts\/7553\/revisions"}],"wp:attachment":[{"href":"https:\/\/dennytorres.com\/site\/wp-json\/wp\/v2\/media?parent=7553"}],"wp:term":[{"taxonomy":"category","embeddable":true,"href":"https:\/\/dennytorres.com\/site\/wp-json\/wp\/v2\/categories?post=7553"},{"taxonomy":"post_tag","embeddable":true,"href":"https:\/\/dennytorres.com\/site\/wp-json\/wp\/v2\/tags?post=7553"}],"curies":[{"name":"wp","href":"https:\/\/api.w.org\/{rel}","templated":true}]}}