{"id":7578,"date":"2013-03-29T08:08:21","date_gmt":"2013-03-29T11:08:21","guid":{"rendered":"http:\/\/dennytorres.com\/?p=7578"},"modified":"2013-03-29T08:08:21","modified_gmt":"2013-03-29T11:08:21","slug":"site-ajuda-a-calcular-gastos-com-empregados-domesticos","status":"publish","type":"post","link":"https:\/\/dennytorres.com\/site\/site-ajuda-a-calcular-gastos-com-empregados-domesticos\/","title":{"rendered":"Site ajuda a calcular gastos com empregados dom\u00e9sticos"},"content":{"rendered":"<p><a href=\"http:\/\/showmetech.com.br\/site-ajuda-a-calcular-gastos-com-empregados-domesticos\/\" target=\"_blank\" rel=\"noopener\"><img fetchpriority=\"high\" decoding=\"async\" class=\"aligncenter size-full wp-image-7581\" alt=\"nolar\" src=\"http:\/\/dennytorres.files.wordpress.com\/2013\/03\/nolar.png\" width=\"500\" height=\"418\" \/><\/a><\/p>\n<blockquote><p>A partir da pr\u00f3xima ter\u00e7a-feira (02\/04), come\u00e7a a valer parte das mudan\u00e7as da <strong>Proposta de Emenda \u00e0 Constitui\u00e7\u00e3o \u2013 66\/2012<\/strong>, mais conhecida como PEC das Dom\u00e9sticas.\u00a0A proposta aprovada pelo Senado amplia os direitos trabalhistas aos <strong>empregados dom\u00e9sticos<\/strong>.<\/p>\n<p>Al\u00e9m da preocupa\u00e7\u00e3o com os gastos extras gerados pelas mudan\u00e7as, muitos patr\u00f5es est\u00e3o preocupados com a complexidade para o ajuste da jornada de trabalho e o recolhimento do <strong>FGTS<\/strong>.<\/p>\n<p>Uma op\u00e7\u00e3o para resolver a <strong>burocracia<\/strong> \u00e9 procurar um contador que j\u00e1 tem pr\u00e1tica neste trabalho. Mas a presta\u00e7\u00e3o de servi\u00e7o pode custar caro.<\/p>\n<p>Em busca de uma alternativa para n\u00e3o estourar o or\u00e7amento, encontrei o site <strong><a href=\"http:\/\/www.nolar.com.br\/\">NOLAR<\/a><\/strong>\u00a0&#8211;\u00a0uma ferramenta on line que ajuda a fazer todos os c\u00e1lculos para o pagamento de empregados dom\u00e9sticos.<\/p>\n<p>Basta cadastrar os dados no sistema e \u00e9 poss\u00edvel gerar automaticamente recibos de sal\u00e1rios, f\u00e9rias e 13\u00ba, guia de recolhimento do INSS e FGTS e at\u00e9 <strong>c\u00e1lculos<\/strong> para demiss\u00e3o do empregado.<\/p>\n<p><a href=\"http:\/\/showmetech.com.br\/site-ajuda-a-calcular-gastos-com-empregados-domesticos\/\" target=\"_blank\" rel=\"noopener\"><img decoding=\"async\" class=\"aligncenter size-full wp-image-7580\" alt=\"nolar_01\" src=\"http:\/\/dennytorres.files.wordpress.com\/2013\/03\/nolar_01.png\" width=\"595\" height=\"263\" \/><\/a><\/p>\n<p>Menu com funcionalidades para controle de pagamentos<\/p>\n<p><a href=\"http:\/\/showmetech.com.br\/site-ajuda-a-calcular-gastos-com-empregados-domesticos\/\" target=\"_blank\" rel=\"noopener\"><img decoding=\"async\" class=\"aligncenter size-full wp-image-7579\" alt=\"nolar_02\" src=\"http:\/\/dennytorres.files.wordpress.com\/2013\/03\/nolar_02.png\" width=\"595\" height=\"345\" \/><\/a><\/p>\n<p>Exemplo de recibo gerado pelo servi\u00e7o<\/p>\n<p>Fiz o teste com as informa\u00e7\u00f5es da funcion\u00e1ria que trabalha em casa e fiquei impressionado com a facilidade do servi\u00e7o. O cadastro e os c\u00e1lculos b\u00e1sicos s\u00e3o gratuitos (uma boa oportunidade para saber quanto voc\u00ea vai gastar a partir de agora).<\/p>\n<p>Mas para ter acesso a todas as funcionalidades (como recibo de f\u00e9rias) \u00e9 preciso pagar uma <strong>taxa anual<\/strong> R$ 38,16.<\/p><\/blockquote>\n<p>Fonte: <a href=\"http:\/\/showmetech.com.br\/site-ajuda-a-calcular-gastos-com-empregados-domesticos\/\" target=\"_blank\" rel=\"noopener\"><strong>Showmetech<\/strong><\/a><\/p>\n","protected":false},"excerpt":{"rendered":"<p>A partir da pr\u00f3xima ter\u00e7a-feira (02\/04), come\u00e7a a valer parte das mudan\u00e7as da Proposta de Emenda \u00e0 Constitui\u00e7\u00e3o \u2013 66\/2012, mais conhecida como PEC das Dom\u00e9sticas.\u00a0A proposta aprovada pelo Senado amplia os direitos trabalhistas aos empregados dom\u00e9sticos. Al\u00e9m da preocupa\u00e7\u00e3o com os gastos extras gerados pelas mudan\u00e7as, muitos patr\u00f5es est\u00e3o preocupados com a complexidade para [&hellip;]<\/p>\n","protected":false},"author":1,"featured_media":0,"comment_status":"open","ping_status":"open","sticky":false,"template":"","format":"standard","meta":{"footnotes":""},"categories":[577,104],"tags":[1258,2619,1380,517,685,2525,2620],"class_list":["post-7578","post","type-post","status-publish","format-standard","hentry","category-noticias","category-novas-tecnologias","tag-calculo","tag-empregada-domestica","tag-ferias","tag-fgts","tag-gps","tag-inss","tag-nolar"],"_links":{"self":[{"href":"https:\/\/dennytorres.com\/site\/wp-json\/wp\/v2\/posts\/7578","targetHints":{"allow":["GET"]}}],"collection":[{"href":"https:\/\/dennytorres.com\/site\/wp-json\/wp\/v2\/posts"}],"about":[{"href":"https:\/\/dennytorres.com\/site\/wp-json\/wp\/v2\/types\/post"}],"author":[{"embeddable":true,"href":"https:\/\/dennytorres.com\/site\/wp-json\/wp\/v2\/users\/1"}],"replies":[{"embeddable":true,"href":"https:\/\/dennytorres.com\/site\/wp-json\/wp\/v2\/comments?post=7578"}],"version-history":[{"count":0,"href":"https:\/\/dennytorres.com\/site\/wp-json\/wp\/v2\/posts\/7578\/revisions"}],"wp:attachment":[{"href":"https:\/\/dennytorres.com\/site\/wp-json\/wp\/v2\/media?parent=7578"}],"wp:term":[{"taxonomy":"category","embeddable":true,"href":"https:\/\/dennytorres.com\/site\/wp-json\/wp\/v2\/categories?post=7578"},{"taxonomy":"post_tag","embeddable":true,"href":"https:\/\/dennytorres.com\/site\/wp-json\/wp\/v2\/tags?post=7578"}],"curies":[{"name":"wp","href":"https:\/\/api.w.org\/{rel}","templated":true}]}}