{"id":7640,"date":"2013-05-09T08:06:40","date_gmt":"2013-05-09T11:06:40","guid":{"rendered":"http:\/\/dennytorres.com\/?p=7640"},"modified":"2013-05-09T08:06:40","modified_gmt":"2013-05-09T11:06:40","slug":"pais-maus","status":"publish","type":"post","link":"https:\/\/dennytorres.com\/site\/pais-maus\/","title":{"rendered":"Pais maus"},"content":{"rendered":"<p><a href=\"http:\/\/dennytorres.files.wordpress.com\/2013\/05\/professor.jpg\"><img fetchpriority=\"high\" decoding=\"async\" class=\"aligncenter size-full wp-image-7641\" alt=\"Professor\" src=\"http:\/\/dennytorres.files.wordpress.com\/2013\/05\/professor.jpg\" width=\"595\" height=\"358\" \/><\/a><\/p>\n<blockquote><p><span style=\"color:#ff0000;\"><b>PAIS MAUS<\/b><\/span> &#8220;Um dia, quando os meus filhos forem crescidos o suficiente para entender a l\u00f3gica que motiva pais e m\u00e3es, eu hei de dizer-lhes: &#8211; Eu os amei o suficiente para ter-lhes perguntado aonde v\u00e3o, com quem v\u00e3o, e a que horas regressar\u00e3o. &#8211; Eu os amei o suficiente para n\u00e3o ter ficado em sil\u00eancio, e fazer com que voc\u00eas soubessem que aquele novo amigo n\u00e3o era boa companhia. &#8211; Eu os amei o suficiente para faz\u00ea-los pagar os doces que tiraram do supermercado, ou revistas, do jornaleiro, e faz\u00ea-los dizer ao dono: &#8220;N\u00f3s tiramos isto ontem, e quer\u00edamos pagar&#8221;. &#8211; Eu os amei o suficiente para ter ficado em p\u00e9, junto de voc\u00eas, duas horas, enquanto limpavam o quarto, tarefa que eu teria feito em 15 minutos. &#8211; Eu os amei o suficiente para deix\u00e1-los ver, al\u00e9m do amor que eu sentia por voc\u00eas, o meu desapontamento e tamb\u00e9m as l\u00e1grimas nos meus olhos. &#8211; Eu os amei o suficiente para deix\u00e1-los assumir a responsabilidade das suas a\u00e7\u00f5es, mesmo quando as penalidades eram t\u00e3o duras que me partiam o cora\u00e7\u00e3o. &#8211; Mais do que tudo, eu os amei o suficiente para lhes dizer N\u00c3O, quando eu sabia que voc\u00eas poderiam me odiar por isso (e em alguns momentos at\u00e9 me odiaram). Essas eram as mais dif\u00edceis batalhas de todas. Estou contente, venci&#8230; Porque, no final, voc\u00eas venceram tamb\u00e9m! E qualquer dia, quando os meus netos forem crescidos o suficiente para entender a l\u00f3gica que motiva pais e m\u00e3es; quando eles perguntarem se os seus pais eram maus, os meus filhos v\u00e3o lhes dizer: &#8220;Sim, os nossos pais eram maus. Eram os piores do mundo. As outras crian\u00e7as comiam doces no caf\u00e9 e n\u00f3s s\u00f3 t\u00ednhamos que comer cereais, ovos, torradas. As outras crian\u00e7as bebiam refrigerantes, comiam batatas fritas e sorvetes no almo\u00e7o, e n\u00f3s t\u00ednhamos que comer arroz, feij\u00e3o, carne, legumes e frutas. Nossos pais tinham que saber quem eram os nossos amigos e o que n\u00f3s faz\u00edamos com eles. Insistiam em que lhes diss\u00e9ssemos com quem \u00edamos sair, mesmo que demor\u00e1ssemos apenas uma hora ou menos. Nossos pais insistiam sempre conosco para que lhes diss\u00e9ssemos sempre a verdade, e apenas a verdade. E, quando \u00e9ramos adolescentes, eles conseguiam at\u00e9 ler os nossos pensamentos. A nossa vida era mesmo chata! Nossos pais n\u00e3o deixavam os nossos amigos tocarem a buzina para que sa\u00edssemos; tinham que subir, bater \u00e0 porta, para que os nossos pais os conhecessem. Enquanto todos podiam voltar tarde da noite, com 12 anos, tivemos que esperar pelo menos at\u00e9 os 16 para chegar um pouco mais tarde; e aqueles chatos levantavam para saber se a festa foi boa (s\u00f3 para verem como est\u00e1vamos, ao voltar). Por causa dos nossos pais, n\u00f3s perdemos imensas experi\u00eancias na adolesc\u00eancia: nenhum de n\u00f3s esteve envolvido com drogas, roubo, atos de vandalismo, viola\u00e7\u00e3o de propriedade, nem fomos presos por crime algum. FOI TUDO POR CAUSA DOS NOSSOS PAIS! Agora, que j\u00e1 somos adultos, honestos e educados, estamos fazendo o melhor para sermos PAIS MAUS, como eles foram&#8221;.<\/p>\n<p><i>Dr. Carlos Hecktheuer- m\u00e9dico psiquiatra<\/i><\/p><\/blockquote>\n<p>&nbsp;<\/p>\n","protected":false},"excerpt":{"rendered":"<p>PAIS MAUS &#8220;Um dia, quando os meus filhos forem crescidos o suficiente para entender a l\u00f3gica que motiva pais e m\u00e3es, eu hei de dizer-lhes: &#8211; Eu os amei o suficiente para ter-lhes perguntado aonde v\u00e3o, com quem v\u00e3o, e a que horas regressar\u00e3o. &#8211; Eu os amei o suficiente para n\u00e3o ter ficado em [&hellip;]<\/p>\n","protected":false},"author":1,"featured_media":0,"comment_status":"open","ping_status":"open","sticky":false,"template":"","format":"standard","meta":{"footnotes":""},"categories":[577],"tags":[2399,2642,2643],"class_list":["post-7640","post","type-post","status-publish","format-standard","hentry","category-noticias","tag-educacao","tag-maus","tag-pais"],"_links":{"self":[{"href":"https:\/\/dennytorres.com\/site\/wp-json\/wp\/v2\/posts\/7640","targetHints":{"allow":["GET"]}}],"collection":[{"href":"https:\/\/dennytorres.com\/site\/wp-json\/wp\/v2\/posts"}],"about":[{"href":"https:\/\/dennytorres.com\/site\/wp-json\/wp\/v2\/types\/post"}],"author":[{"embeddable":true,"href":"https:\/\/dennytorres.com\/site\/wp-json\/wp\/v2\/users\/1"}],"replies":[{"embeddable":true,"href":"https:\/\/dennytorres.com\/site\/wp-json\/wp\/v2\/comments?post=7640"}],"version-history":[{"count":0,"href":"https:\/\/dennytorres.com\/site\/wp-json\/wp\/v2\/posts\/7640\/revisions"}],"wp:attachment":[{"href":"https:\/\/dennytorres.com\/site\/wp-json\/wp\/v2\/media?parent=7640"}],"wp:term":[{"taxonomy":"category","embeddable":true,"href":"https:\/\/dennytorres.com\/site\/wp-json\/wp\/v2\/categories?post=7640"},{"taxonomy":"post_tag","embeddable":true,"href":"https:\/\/dennytorres.com\/site\/wp-json\/wp\/v2\/tags?post=7640"}],"curies":[{"name":"wp","href":"https:\/\/api.w.org\/{rel}","templated":true}]}}