{"id":7671,"date":"2013-07-29T23:27:26","date_gmt":"2013-07-30T02:27:26","guid":{"rendered":"http:\/\/dennytorres.com\/?p=7671"},"modified":"2013-07-29T23:27:26","modified_gmt":"2013-07-30T02:27:26","slug":"como-ativar-a-placa-de-video-dedicada-de-seu-notebook","status":"publish","type":"post","link":"https:\/\/dennytorres.com\/site\/como-ativar-a-placa-de-video-dedicada-de-seu-notebook\/","title":{"rendered":"Como ativar a placa de v\u00eddeo dedicada de seu notebook (se tiver, \u00e9 claro!)"},"content":{"rendered":"<p style=\"text-align:center;\"><a href=\"http:\/\/dennytorres.files.wordpress.com\/2013\/07\/nvidia-vs-ati.jpg\"><img fetchpriority=\"high\" decoding=\"async\" class=\"aligncenter size-full wp-image-7673\" src=\"http:\/\/dennytorres.files.wordpress.com\/2013\/07\/nvidia-vs-ati.jpg\" alt=\"nvidia-vs-ati\" width=\"300\" height=\"330\" \/><\/a><\/p>\n<p>Alguns amigos compraram os novos modelos de notebook da DELL, com placa de v\u00eddeo dedicada para a utiliza\u00e7\u00e3o de softwares que necessitem de mais recursos gr\u00e1ficos, como Autocad, Revit ou mesmo alguns jogos.<\/p>\n<p>Os novos notebooks, possuem duas placas de v\u00eddeo. Uma integrada (que utiliza parte da mem\u00f3ria RAM do notebook) e uma com mem\u00f3ria dedicada. Esta \u00faltima, por padr\u00e3o, ficam desativadas pois consomem mais energia que o normal. Somente s\u00e3o ativadas, automaticamente e se o notebook estiver ligado na tomada.<\/p>\n<p>Mas se voc\u00ea precisar utilizar mais recursos gr\u00e1ficos mas n\u00e3o estiver ligado na tomada? como fazer?<\/p>\n<p>Abaixo segue o passo-a-passo:<\/p>\n<p><span style=\"font-family:sans-serif;font-size:small;\">1) V\u00e1 em &#8220;painel de controle&#8221;<\/span>, depois em &#8220;op\u00e7\u00f5es de energia&#8221;;<br \/>\n<span style=\"font-family:sans-serif;font-size:small;\">2) Clique em prefer\u00eancias;<\/span><br \/>\n<span style=\"font-family:sans-serif;font-size:small;\">3) &#8220;Alterar configura\u00e7\u00f5es de energia avan\u00e7adas&#8221;;<\/span><br \/>\n<span style=\"font-family:sans-serif;font-size:small;\">4) No lado esquerdo da janela clique em &#8220;Energia&#8221;<\/span>;<br \/>\n<span style=\"font-family:sans-serif;font-size:small;\">5) Clique em Gr\u00e1ficos altern\u00e1veis;<\/span><br \/>\n<span style=\"font-family:sans-serif;font-size:small;\">6) Em &#8220;Procurar&#8221; escolha o software que deseja carregar para trabalhar com alta performance<\/span>;<br \/>\n<span style=\"font-family:sans-serif;font-size:small;\">7) do lado direito do \u00edcone do software selecionado clique na aba para mudar para &#8220;Alta performance&#8221;<\/span>;<br \/>\n<span style=\"font-family:sans-serif;font-size:small;\">8) Clique em &#8220;Aplicar&#8221;.<\/span><\/p>\n<p>Espero ter ajudado<\/p>\n<p>Se voc\u00ea gostou desta dica, acesse <a href=\"www.youtube.com\/dennytorres\" target=\"_blank\" rel=\"noopener\"><strong>www.youtube.com\/dennytorres<\/strong><\/a> para ver outras dicas como essa todas as semanas. Confira l\u00e1.<\/p>\n<p>\ud83d\udd25 SEJA UM AMAZON PRIME (30 dias gr\u00e1tis) &#8211; Inscreva-se pelo link abaixo para ajudar nosso canal.<\/p>\n<p>\u2714 <a href=\"https:\/\/amzn.to\/3jwV6qW\" target=\"_blank\" rel=\"noopener\">https:\/\/amzn.to\/3jwV6qW<\/a><\/p>\n<p>Dica: By Geronimo<\/p>\n","protected":false},"excerpt":{"rendered":"<p>Alguns amigos compraram os novos modelos de notebook da DELL, com placa de v\u00eddeo dedicada para a utiliza\u00e7\u00e3o de softwares que necessitem de mais recursos gr\u00e1ficos, como Autocad, Revit ou mesmo alguns jogos. Os novos notebooks, possuem duas placas de v\u00eddeo. Uma integrada (que utiliza parte da mem\u00f3ria RAM do notebook) e uma com mem\u00f3ria [&hellip;]<\/p>\n","protected":false},"author":1,"featured_media":0,"comment_status":"open","ping_status":"open","sticky":false,"template":"","format":"standard","meta":{"footnotes":""},"categories":[577,104],"tags":[2654,2655,2656,243,332,487],"class_list":["post-7671","post","type-post","status-publish","format-standard","hentry","category-noticias","category-novas-tecnologias","tag-ativar","tag-dedicada","tag-dell","tag-notebook","tag-placas","tag-video"],"_links":{"self":[{"href":"https:\/\/dennytorres.com\/site\/wp-json\/wp\/v2\/posts\/7671","targetHints":{"allow":["GET"]}}],"collection":[{"href":"https:\/\/dennytorres.com\/site\/wp-json\/wp\/v2\/posts"}],"about":[{"href":"https:\/\/dennytorres.com\/site\/wp-json\/wp\/v2\/types\/post"}],"author":[{"embeddable":true,"href":"https:\/\/dennytorres.com\/site\/wp-json\/wp\/v2\/users\/1"}],"replies":[{"embeddable":true,"href":"https:\/\/dennytorres.com\/site\/wp-json\/wp\/v2\/comments?post=7671"}],"version-history":[{"count":0,"href":"https:\/\/dennytorres.com\/site\/wp-json\/wp\/v2\/posts\/7671\/revisions"}],"wp:attachment":[{"href":"https:\/\/dennytorres.com\/site\/wp-json\/wp\/v2\/media?parent=7671"}],"wp:term":[{"taxonomy":"category","embeddable":true,"href":"https:\/\/dennytorres.com\/site\/wp-json\/wp\/v2\/categories?post=7671"},{"taxonomy":"post_tag","embeddable":true,"href":"https:\/\/dennytorres.com\/site\/wp-json\/wp\/v2\/tags?post=7671"}],"curies":[{"name":"wp","href":"https:\/\/api.w.org\/{rel}","templated":true}]}}