{"id":786,"date":"2009-09-26T20:29:53","date_gmt":"2009-09-26T23:29:53","guid":{"rendered":"http:\/\/dennytorres.wordpress.com\/?p=786"},"modified":"2009-09-26T20:29:53","modified_gmt":"2009-09-26T23:29:53","slug":"o-hp-que-queria-ser-mac","status":"publish","type":"post","link":"https:\/\/dennytorres.com\/site\/o-hp-que-queria-ser-mac\/","title":{"rendered":"O HP que queria ser Mac"},"content":{"rendered":"<p>&#8220;A linha premium de notebooks da HP acaba de ganhar refor\u00e7o. O ENVY 15 estr\u00e9ia o novo processador Core i7, da Intel, e j\u00e1 vem pr\u00e9-carregado com Windows 7. Mais refor\u00e7o que esse ainda est\u00e1 para nascer.\u00a0Com tela de 15,6 polegadas, o HP ENVY 15 tem 2,5 cent\u00edmetros de espessura e peso de 2,34 quilos. Ou seja, n\u00e3o t\u00e3o magro e leve como a HP propaga por a\u00ed. Mas, tamb\u00e9m nem \u00e9 t\u00e3o pesado ao ponto de justificar f\u00e9rias da academia. Ele \u00e9 capaz de abrigar dois SSDs e tecnologia gr\u00e1fica ATI Mobility Radeon HD 4830 com 1 GB de mem\u00f3ria de v\u00eddeo dedicada.\u00a0A vers\u00e3o mais modesta da linha \u00e9 o ENVY 13 que \u201cs\u00f3\u201d vem com um processador Intel Core 2 Duo, tela de 13 polegadas (&#8230;) e bateria de at\u00e9 18 horas.\u00a0Com esse jeit\u00e3o de MacBook, os notebooks ENVY 15 e 13 estar\u00e3o dispon\u00edveis a partir de 18 de outubro pelos pre\u00e7os de 1 799 e1699 respectivamente. Mas, por enquanto s\u00f3 no lado norte do continente.&#8221;<\/p>\n<p><a href=\"http:\/\/dennytorres.files.wordpress.com\/2009\/09\/hp-envy.jpg\"><img fetchpriority=\"high\" decoding=\"async\" class=\"aligncenter size-full wp-image-787\" title=\"hp-envy\" src=\"http:\/\/dennytorres.files.wordpress.com\/2009\/09\/hp-envy.jpg\" alt=\"hp-envy\" width=\"510\" height=\"433\" \/><\/a><\/p>\n<p>Fonte: <a href=\"http:\/\/info.abril.com.br\" target=\"_blank\" rel=\"noopener\">http:\/\/info.abril.com.br<\/a><\/p>\n","protected":false},"excerpt":{"rendered":"<p>&#8220;A linha premium de notebooks da HP acaba de ganhar refor\u00e7o. O ENVY 15 estr\u00e9ia o novo processador Core i7, da Intel, e j\u00e1 vem pr\u00e9-carregado com Windows 7. Mais refor\u00e7o que esse ainda est\u00e1 para nascer.\u00a0Com tela de 15,6 polegadas, o HP ENVY 15 tem 2,5 cent\u00edmetros de espessura e peso de 2,34 quilos. [&hellip;]<\/p>\n","protected":false},"author":1,"featured_media":0,"comment_status":"open","ping_status":"open","sticky":false,"template":"","format":"standard","meta":{"footnotes":""},"categories":[53],"tags":[314,242,315],"class_list":["post-786","post","type-post","status-publish","format-standard","hentry","category-uncategorized","tag-envy","tag-hp","tag-mac"],"_links":{"self":[{"href":"https:\/\/dennytorres.com\/site\/wp-json\/wp\/v2\/posts\/786","targetHints":{"allow":["GET"]}}],"collection":[{"href":"https:\/\/dennytorres.com\/site\/wp-json\/wp\/v2\/posts"}],"about":[{"href":"https:\/\/dennytorres.com\/site\/wp-json\/wp\/v2\/types\/post"}],"author":[{"embeddable":true,"href":"https:\/\/dennytorres.com\/site\/wp-json\/wp\/v2\/users\/1"}],"replies":[{"embeddable":true,"href":"https:\/\/dennytorres.com\/site\/wp-json\/wp\/v2\/comments?post=786"}],"version-history":[{"count":0,"href":"https:\/\/dennytorres.com\/site\/wp-json\/wp\/v2\/posts\/786\/revisions"}],"wp:attachment":[{"href":"https:\/\/dennytorres.com\/site\/wp-json\/wp\/v2\/media?parent=786"}],"wp:term":[{"taxonomy":"category","embeddable":true,"href":"https:\/\/dennytorres.com\/site\/wp-json\/wp\/v2\/categories?post=786"},{"taxonomy":"post_tag","embeddable":true,"href":"https:\/\/dennytorres.com\/site\/wp-json\/wp\/v2\/tags?post=786"}],"curies":[{"name":"wp","href":"https:\/\/api.w.org\/{rel}","templated":true}]}}