{"id":7895,"date":"2016-08-29T15:06:35","date_gmt":"2016-08-29T18:06:35","guid":{"rendered":"https:\/\/dennytorres.wordpress.com\/?p=7895"},"modified":"2016-08-29T15:06:35","modified_gmt":"2016-08-29T18:06:35","slug":"a-anos-ou-ha-anos","status":"publish","type":"post","link":"https:\/\/dennytorres.com\/site\/a-anos-ou-ha-anos\/","title":{"rendered":"&#8220;A anos&#8221; ou &#8220;h\u00e1 anos&#8221;"},"content":{"rendered":"<blockquote><p>Quando a ideia \u00e9 de \u201c<span style=\"color:#ff0000;\"><strong><em>tempo futuro<\/em><\/strong><\/span>\u201d ou de \u201c<span style=\"color:#ff0000;\"><strong><em>dist\u00e2ncia<\/em><\/strong><\/span>\u201d, devemos usar a preposi\u00e7\u00e3o \u201c<span style=\"color:#ff0000;\"><strong>A<\/strong><\/span>\u201d<\/p>\n<p><strong>Ex.:<\/strong> Ele viajar\u00e1 daqui <span style=\"color:#ff0000;\"><strong>a<\/strong><\/span> tr\u00eas semanas.<\/p>\n<p>Ela mora <span style=\"color:#ff0000;\"><strong>a <\/strong><\/span>dois quil\u00f4metros do trabalho.<\/p>\n<p><img decoding=\"async\" class=\"size-full wp-image-7897 alignleft\" src=\"https:\/\/dennytorres.files.wordpress.com\/2016\/08\/dicas-de-portugues.jpg\" alt=\"Dicas de Portugues\" width=\"128\" height=\"200\" \/><\/p>\n<ul>\n<li><strong> H\u00c1<\/strong><\/li>\n<\/ul>\n<p>Usamos a forma\u00a0 <span style=\"color:#ff0000;\"><strong><em>h\u00e1<\/em><\/strong><\/span>, do verbo <span style=\"color:#ff0000;\"><strong><em>haver<\/em><\/strong><\/span>, quando nos referimos a um tempo j\u00e1 transcorrido.<br \/>\n<strong>Ex.: <\/strong><span style=\"color:#ff0000;\"><strong>Ele n\u00e3o v\u00ea sua m\u00e3e h\u00e1<\/strong><\/span> dois anos<strong>.<\/strong><br \/>\nEla parou de beber <span style=\"color:#ff0000;\"><strong>h\u00e1<\/strong><\/span> algum tempo.<\/p>\n<p><strong><em>Dicas:<\/em><\/strong><\/p>\n<p>\u2014 Se for verbo, devemos escrever <span style=\"color:#ff0000;\"><strong>h\u00e1<\/strong><\/span>; se n\u00e3o for, trata-se da preposi\u00e7\u00e3o <strong>a.<\/strong><\/p>\n<p>&nbsp;<\/p>\n<p>\u2014 Para verificar se \u00e9 verbo, simplesmente substitua <span style=\"color:#ff0000;\"><strong>h\u00e1<\/strong> <\/span>pela forma\u00a0<span style=\"color:#ff0000;\"><strong>faz<\/strong><\/span>:<\/p>\n<p>H\u00e1 (=faz) dois meses que Pedrinho morreu.<\/p>\n<p>N\u00e3o nos vemos h\u00e1(=faz) dois meses.<\/p>\n<p>\u2014 Caso a substitui\u00e7\u00e3o n\u00e3o seja poss\u00edvel, significa que n\u00e3o \u00e9 verbo. Em <strong><em><span style=\"color:#ff0000;\">Nos veremos daqui a dois dias<\/span><\/em><\/strong>, n\u00e3o \u00e9 poss\u00edvel susbtituir por:\u00a0<span style=\"color:#ff0000;\"><strong><em>Nos veremos daqui faz dois dias<\/em><\/strong><\/span> (n\u00e3o faz sentido).<\/p>\n<ul>\n<li><strong><em> H\u00c1 MUITO TEMPO ATR\u00c1S\u00a0<\/em><\/strong><\/li>\n<\/ul>\n<p>O verbo <span style=\"color:#ff0000;\"><strong>haver<\/strong> <\/span>impede a palavra <span style=\"color:#ff0000;\"><strong><em>atr\u00e1s<\/em><\/strong> <\/span>em seguida sempre que estiver relacionado a tempo, portanto, a express\u00e3o <span style=\"color:#ff0000;\"><strong><em>h\u00e1 muito tempo atr\u00e1s<\/em><\/strong><\/span> nada mais \u00e9 do que uma redund\u00e2ncia, pois, se ocorreu <span style=\"color:#ff0000;\"><strong><em>h\u00e1 muito tempo<\/em><\/strong><\/span>, s\u00f3 pode ter sido <span style=\"color:#ff0000;\"><strong><em>muito tempo atr\u00e1s<\/em><\/strong><\/span>.<\/p>\n<p>O fato \u00e9 que a redund\u00e2ncia <strong><span style=\"color:#ff0000;\"><em>H\u00e1\u2026..atr\u00e1s<\/em><\/span>\u00a0<\/strong>\u00a0s\u00f3 ocorre com o verbo\u00a0<span style=\"color:#ff0000;\"><strong><em>Haver<\/em><\/strong><\/span>, pois quando se utiliza o verbo <span style=\"color:#ff0000;\"><strong><em>Fazer<\/em><\/strong><\/span>, ningu\u00e9m diz:<br \/>\n<strong>\u201c<span style=\"color:#ff0000;\"><em>Faz<\/em> <\/span><\/strong>dez anos<span style=\"color:#ff0000;\"><strong> <em>atr\u00e1s<\/em><\/strong><\/span><em>\u201d, mas sim: \u201c<span style=\"color:#ff0000;\"><strong>Faz<\/strong> <\/span><\/em>dez anos\u201d; \u201c<span style=\"color:#ff0000;\"><strong><em>Faz<\/em><\/strong><\/span> muito tempo\u201d.<\/p><\/blockquote>\n<p>Fonte:\u00a0<a href=\"http:\/\/saltitandocomaspalavras.blogspot.com.br\/2013\/11\/a-ha-e-ha-muitos-anos-atras.html\"><strong>saltitandocomaspalavras<\/strong><\/a><\/p>\n","protected":false},"excerpt":{"rendered":"<p>Quando a ideia \u00e9 de \u201ctempo futuro\u201d ou de \u201cdist\u00e2ncia\u201d, devemos usar a preposi\u00e7\u00e3o \u201cA\u201d Ex.: Ele viajar\u00e1 daqui a tr\u00eas semanas. Ela mora a dois quil\u00f4metros do trabalho. H\u00c1 Usamos a forma\u00a0 h\u00e1, do verbo haver, quando nos referimos a um tempo j\u00e1 transcorrido. Ex.: Ele n\u00e3o v\u00ea sua m\u00e3e h\u00e1 dois anos. Ela [&hellip;]<\/p>\n","protected":false},"author":1,"featured_media":0,"comment_status":"open","ping_status":"open","sticky":false,"template":"","format":"standard","meta":{"footnotes":""},"categories":[84],"tags":[2681,2682,2683,1947,574],"class_list":["post-7895","post","type-post","status-publish","format-standard","hentry","category-curiosidades","tag-a","tag-fazem","tag-ha","tag-passado","tag-portugues"],"_links":{"self":[{"href":"https:\/\/dennytorres.com\/site\/wp-json\/wp\/v2\/posts\/7895","targetHints":{"allow":["GET"]}}],"collection":[{"href":"https:\/\/dennytorres.com\/site\/wp-json\/wp\/v2\/posts"}],"about":[{"href":"https:\/\/dennytorres.com\/site\/wp-json\/wp\/v2\/types\/post"}],"author":[{"embeddable":true,"href":"https:\/\/dennytorres.com\/site\/wp-json\/wp\/v2\/users\/1"}],"replies":[{"embeddable":true,"href":"https:\/\/dennytorres.com\/site\/wp-json\/wp\/v2\/comments?post=7895"}],"version-history":[{"count":0,"href":"https:\/\/dennytorres.com\/site\/wp-json\/wp\/v2\/posts\/7895\/revisions"}],"wp:attachment":[{"href":"https:\/\/dennytorres.com\/site\/wp-json\/wp\/v2\/media?parent=7895"}],"wp:term":[{"taxonomy":"category","embeddable":true,"href":"https:\/\/dennytorres.com\/site\/wp-json\/wp\/v2\/categories?post=7895"},{"taxonomy":"post_tag","embeddable":true,"href":"https:\/\/dennytorres.com\/site\/wp-json\/wp\/v2\/tags?post=7895"}],"curies":[{"name":"wp","href":"https:\/\/api.w.org\/{rel}","templated":true}]}}