{"id":8145,"date":"2017-06-24T10:16:05","date_gmt":"2017-06-24T13:16:05","guid":{"rendered":"https:\/\/dennytorres.wordpress.com\/?p=8145"},"modified":"2017-06-24T10:16:05","modified_gmt":"2017-06-24T13:16:05","slug":"quais-os-modelos-de-mac-nao-suportam-rodar-final-cut-pro-x","status":"publish","type":"post","link":"https:\/\/dennytorres.com\/site\/quais-os-modelos-de-mac-nao-suportam-rodar-final-cut-pro-x\/","title":{"rendered":"Quais os modelos de Mac n\u00e3o suportam rodar Final Cut pro X"},"content":{"rendered":"<p><img fetchpriority=\"high\" decoding=\"async\" class=\"aligncenter wp-image-8147 size-medium\" src=\"https:\/\/dennytorres.files.wordpress.com\/2017\/06\/fcpx_logo_11.png?w=300\" alt=\"\" width=\"300\" height=\"300\" \/><\/p>\n<p>Voc\u00ea est\u00e1 interessado em comprar um Mac usado para rodar Final Cut pro X, Motion 5 ou Compressor 4?<strong> Pois tenha cuidado!<\/strong> Alguns modelos antigos possuem placas de v\u00eddeos que <span style=\"color:#ff0000;\"><strong>N\u00c3O s\u00e3o compat\u00edveis<\/strong><\/span> com estes softwares.<\/p>\n<div class=\"grid2col\">\n<p><strong>ATI Mobility Radeon X1600<\/strong><\/p>\n<ul>\n<li><a href=\"http:\/\/support.apple.com\/kb\/SP24\">MacBook Pro (Late 2006)<\/a><\/li>\n<li><a href=\"http:\/\/support.apple.com\/kb\/SP33\">MacBook Pro (17-inch)<\/a><\/li>\n<li><a href=\"http:\/\/support.apple.com\/kb\/SP32\">MacBook Pro (15-inch Glossy)<\/a><\/li>\n<li><a href=\"http:\/\/support.apple.com\/kb\/SP36\">MacBook Pro<\/a><\/li>\n<\/ul>\n<p><strong>ATI Radeon HD 2400 XT<\/strong><\/p>\n<ul>\n<li><a href=\"http:\/\/support.apple.com\/kb\/SP16\">iMac (Mid 2007)<\/a><\/li>\n<li><a href=\"http:\/\/support.apple.com\/kb\/SP485\">iMac (Early 2008)<\/a><\/li>\n<\/ul>\n<p><strong>ATI Radeon HD 2600 PRO<\/strong><\/p>\n<ul>\n<li><a href=\"http:\/\/support.apple.com\/kb\/SP16\">iMac (Mid 2007)<\/a><\/li>\n<li><a href=\"http:\/\/support.apple.com\/kb\/SP485\">iMac (Early 2008)<\/a><\/li>\n<\/ul>\n<p><strong>ATI Radeon HD 2600 XT<\/strong><\/p>\n<ul>\n<li><a href=\"http:\/\/support.apple.com\/kb\/SP11\">Mac Pro (Early 2008)<\/a><\/li>\n<\/ul>\n<p><strong>ATI Radeon X1600<\/strong><\/p>\n<ul>\n<li><a href=\"http:\/\/support.apple.com\/kb\/SP35\">iMac (Early 2006)<\/a><\/li>\n<\/ul>\n<p><strong>ATI Radeon X1900 XT<\/strong><\/p>\n<ul>\n<li><a href=\"http:\/\/support.apple.com\/kb\/SP30\">Mac Pro<\/a><\/li>\n<\/ul>\n<p><strong>ATI Radeon X1300<\/strong><\/p>\n<ul>\n<li><a href=\"http:\/\/support.apple.com\/kb\/SP22\">Xserve (Late 2006)<\/a><\/li>\n<li><a href=\"http:\/\/support.apple.com\/kb\/SP10\">Xserve (Early 2008)<\/a><\/li>\n<\/ul>\n<p><strong>Intel GMA 950<\/strong><\/p>\n<\/div>\n<div class=\"grid2col\">\n<ul>\n<li><a href=\"http:\/\/support.apple.com\/kb\/SP7\">Mac mini (Mid 2007)<\/a><\/li>\n<li><a href=\"http:\/\/support.apple.com\/kb\/SP31\">MacBook<\/a><\/li>\n<li><a href=\"http:\/\/support.apple.com\/kb\/SP34\">Mac mini (Early 2006)<\/a><\/li>\n<li><a href=\"http:\/\/support.apple.com\/kb\/SP29\">Mac mini (Late 2006)<\/a><\/li>\n<li><a href=\"http:\/\/support.apple.com\/kb\/SP18\">MacBook (Mid 2007)<\/a><\/li>\n<li><a href=\"http:\/\/support.apple.com\/kb\/SP23\">MacBook (Late 2006)<\/a><\/li>\n<li><a href=\"http:\/\/support.apple.com\/kb\/SP28\">iMac (Late 2006)<\/a><\/li>\n<\/ul>\n<p><strong>Intel GMA X3100<\/strong><\/p>\n<ul>\n<li><a href=\"http:\/\/support.apple.com\/kb\/SP5\">MacBook (Early 2008 and Late 2008)<\/a><\/li>\n<li><a href=\"http:\/\/support.apple.com\/kb\/SP8\">MacBook Air<\/a><\/li>\n<li><a href=\"http:\/\/support.apple.com\/kb\/SP12\">MacBook (Late 2007)<\/a><\/li>\n<\/ul>\n<p><strong>NVIDIA GeForce 7300 GT<\/strong><\/p>\n<ul>\n<li><a href=\"http:\/\/support.apple.com\/kb\/SP30\">Mac Pro<\/a><\/li>\n<li><a href=\"http:\/\/support.apple.com\/kb\/SP28\">iMac (Late 2006) &#8211; 24-inch<\/a><\/li>\n<\/ul>\n<p><strong>NVIDIA GeForce 7600 GT<\/strong><\/p>\n<ul>\n<li><a href=\"http:\/\/support.apple.com\/kb\/SP28\">iMac (Late 2006) &#8211; 24-inch<\/a><\/li>\n<\/ul>\n<p><strong>NVIDIA Quadro FX 4500<\/strong><\/p>\n<ul>\n<li><a href=\"http:\/\/support.apple.com\/kb\/SP30\">Mac Pro<\/a>\u00a0(Build-to-Order Option)<\/li>\n<\/ul>\n<p>Fonte:\u00a0<a href=\"https:\/\/support.apple.com\/pt-br\/HT202239\" target=\"_blank\" rel=\"noopener\"><strong>support.apple<\/strong><\/a><\/p>\n<\/div>\n<div><\/div>\n","protected":false},"excerpt":{"rendered":"<p>Voc\u00ea est\u00e1 interessado em comprar um Mac usado para rodar Final Cut pro X, Motion 5 ou Compressor 4? Pois tenha cuidado! Alguns modelos antigos possuem placas de v\u00eddeos que N\u00c3O s\u00e3o compat\u00edveis com estes softwares. ATI Mobility Radeon X1600 MacBook Pro (Late 2006) MacBook Pro (17-inch) MacBook Pro (15-inch Glossy) MacBook Pro ATI Radeon [&hellip;]<\/p>\n","protected":false},"author":1,"featured_media":0,"comment_status":"open","ping_status":"open","sticky":false,"template":"","format":"standard","meta":{"footnotes":""},"categories":[55,104],"tags":[2742,2743,315,135,2513],"class_list":["post-8145","post","type-post","status-publish","format-standard","hentry","category-macintosh","category-novas-tecnologias","tag-compressor","tag-final-cut","tag-mac","tag-motion","tag-placa-de-video"],"_links":{"self":[{"href":"https:\/\/dennytorres.com\/site\/wp-json\/wp\/v2\/posts\/8145","targetHints":{"allow":["GET"]}}],"collection":[{"href":"https:\/\/dennytorres.com\/site\/wp-json\/wp\/v2\/posts"}],"about":[{"href":"https:\/\/dennytorres.com\/site\/wp-json\/wp\/v2\/types\/post"}],"author":[{"embeddable":true,"href":"https:\/\/dennytorres.com\/site\/wp-json\/wp\/v2\/users\/1"}],"replies":[{"embeddable":true,"href":"https:\/\/dennytorres.com\/site\/wp-json\/wp\/v2\/comments?post=8145"}],"version-history":[{"count":0,"href":"https:\/\/dennytorres.com\/site\/wp-json\/wp\/v2\/posts\/8145\/revisions"}],"wp:attachment":[{"href":"https:\/\/dennytorres.com\/site\/wp-json\/wp\/v2\/media?parent=8145"}],"wp:term":[{"taxonomy":"category","embeddable":true,"href":"https:\/\/dennytorres.com\/site\/wp-json\/wp\/v2\/categories?post=8145"},{"taxonomy":"post_tag","embeddable":true,"href":"https:\/\/dennytorres.com\/site\/wp-json\/wp\/v2\/tags?post=8145"}],"curies":[{"name":"wp","href":"https:\/\/api.w.org\/{rel}","templated":true}]}}