{"id":820,"date":"2009-10-17T20:12:02","date_gmt":"2009-10-17T23:12:02","guid":{"rendered":"http:\/\/dennytorres.wordpress.com\/?p=820"},"modified":"2009-10-17T20:12:02","modified_gmt":"2009-10-17T23:12:02","slug":"as-batatas-fritas-da-vovo","status":"publish","type":"post","link":"https:\/\/dennytorres.com\/site\/as-batatas-fritas-da-vovo\/","title":{"rendered":"As batatas fritas da vov\u00f3"},"content":{"rendered":"<p>&#8220;Achei divertid\u00edssima essa campanha para a marca de batatas fritas que promete &#8220;as batatas fritas da vov\u00f3 sem a vov\u00f3&#8221;.<br \/>\nQuem n\u00e3o se irrita com essas manias de apertos das av\u00f3s e tias que atire a primeira pedra.<br \/>\nobs: beijo pra minha v\u00f3!&#8221;<\/p>\n<p><a href=\"http:\/\/dennytorres.files.wordpress.com\/2009\/10\/findus_fraich_frites_3.jpg\"><img fetchpriority=\"high\" decoding=\"async\" class=\"aligncenter size-full wp-image-823\" title=\"findus_fraich_frites_3\" src=\"http:\/\/dennytorres.files.wordpress.com\/2009\/10\/findus_fraich_frites_3.jpg\" alt=\"findus_fraich_frites_3\" width=\"510\" height=\"383\" \/><\/a><\/p>\n<p><a href=\"http:\/\/dennytorres.files.wordpress.com\/2009\/10\/findus_fraich_frites_2.jpg\"><img decoding=\"async\" class=\"aligncenter size-full wp-image-822\" title=\"findus_fraich_frites_2\" src=\"http:\/\/dennytorres.files.wordpress.com\/2009\/10\/findus_fraich_frites_2.jpg\" alt=\"findus_fraich_frites_2\" width=\"510\" height=\"383\" \/><\/a><\/p>\n<p><a href=\"http:\/\/dennytorres.files.wordpress.com\/2009\/10\/findus_fraich_frites_1.jpg\"><img decoding=\"async\" class=\"aligncenter size-full wp-image-821\" title=\"findus_fraich_frites_1\" src=\"http:\/\/dennytorres.files.wordpress.com\/2009\/10\/findus_fraich_frites_1.jpg\" alt=\"findus_fraich_frites_1\" width=\"510\" height=\"383\" \/><\/a><\/p>\n<p>Fonte: <a href=\"http:\/\/ctrlpels.blogspot.com\/2009\/10\/coisa-de-avo.html\" target=\"_blank\" rel=\"noopener\">CTRLPELS<\/a><\/p>\n","protected":false},"excerpt":{"rendered":"<p>&#8220;Achei divertid\u00edssima essa campanha para a marca de batatas fritas que promete &#8220;as batatas fritas da vov\u00f3 sem a vov\u00f3&#8221;. Quem n\u00e3o se irrita com essas manias de apertos das av\u00f3s e tias que atire a primeira pedra. obs: beijo pra minha v\u00f3!&#8221; Fonte: CTRLPELS<\/p>\n","protected":false},"author":1,"featured_media":0,"comment_status":"open","ping_status":"open","sticky":false,"template":"","format":"standard","meta":{"footnotes":""},"categories":[71],"tags":[334,335,336],"class_list":["post-820","post","type-post","status-publish","format-standard","hentry","category-posts-diversos","tag-batatas","tag-fritas","tag-vovo"],"_links":{"self":[{"href":"https:\/\/dennytorres.com\/site\/wp-json\/wp\/v2\/posts\/820","targetHints":{"allow":["GET"]}}],"collection":[{"href":"https:\/\/dennytorres.com\/site\/wp-json\/wp\/v2\/posts"}],"about":[{"href":"https:\/\/dennytorres.com\/site\/wp-json\/wp\/v2\/types\/post"}],"author":[{"embeddable":true,"href":"https:\/\/dennytorres.com\/site\/wp-json\/wp\/v2\/users\/1"}],"replies":[{"embeddable":true,"href":"https:\/\/dennytorres.com\/site\/wp-json\/wp\/v2\/comments?post=820"}],"version-history":[{"count":0,"href":"https:\/\/dennytorres.com\/site\/wp-json\/wp\/v2\/posts\/820\/revisions"}],"wp:attachment":[{"href":"https:\/\/dennytorres.com\/site\/wp-json\/wp\/v2\/media?parent=820"}],"wp:term":[{"taxonomy":"category","embeddable":true,"href":"https:\/\/dennytorres.com\/site\/wp-json\/wp\/v2\/categories?post=820"},{"taxonomy":"post_tag","embeddable":true,"href":"https:\/\/dennytorres.com\/site\/wp-json\/wp\/v2\/tags?post=820"}],"curies":[{"name":"wp","href":"https:\/\/api.w.org\/{rel}","templated":true}]}}