{"id":8480,"date":"2019-10-20T20:29:03","date_gmt":"2019-10-20T23:29:03","guid":{"rendered":"https:\/\/dennytorres.wordpress.com\/?p=8480"},"modified":"2019-10-20T20:29:03","modified_gmt":"2019-10-20T23:29:03","slug":"painel-de-controle-do-windows-abre-e-fecha-sozinho-como-resolver","status":"publish","type":"post","link":"https:\/\/dennytorres.com\/site\/painel-de-controle-do-windows-abre-e-fecha-sozinho-como-resolver\/","title":{"rendered":"Painel de controle do windows abre e fecha sozinho &#8211; como resolver?"},"content":{"rendered":"<p><img fetchpriority=\"high\" decoding=\"async\" class=\"aligncenter wp-image-8484 size-large\" src=\"https:\/\/dennytorres.files.wordpress.com\/2019\/10\/painel-de-controle-e1571614134620.png?w=840\" alt=\"\" width=\"840\" height=\"535\" \/><\/p>\n<p>Recentemente fiz uma instala\u00e7\u00e3o limpa do windows 10 (vers\u00e3o 1903) em um PC de um amigo e depois de tudo instalado, o <strong>Painel de Controle abria e fechava sozinho<\/strong>.<\/p>\n<p>A solu\u00e7\u00e3o que encontrei e que resolveu na hora foi esse procedimento aqui abaixo:<\/p>\n<p>Abra o <strong>CMD<\/strong> (prompt) como Administrador;<\/p>\n<p>Cole um c\u00f3digo por vez no CMD e aperte enter:<\/p>\n<p><em><span style=\"color:#3366ff;\"><strong>Ren igfxCPL.cpl igfxCPL.cpl.bak<\/strong><\/span><\/em> (depois de dar Enter, cole o c\u00f3digo abaixo:<\/p>\n<p><em><strong><span style=\"color:#3366ff;\">Taskkill \/f \/im explorer.exe<\/span><\/strong><\/em> (a \u00e1rea de trabalho vai ficar preta &#8211; continue);<\/p>\n<p><span style=\"color:#3366ff;\"><strong><em>Explorer.exe <\/em><\/strong><\/span><\/p>\n","protected":false},"excerpt":{"rendered":"<p>Recentemente fiz uma instala\u00e7\u00e3o limpa do windows 10 (vers\u00e3o 1903) em um PC de um amigo e depois de tudo instalado, o Painel de Controle abria e fechava sozinho. A solu\u00e7\u00e3o que encontrei e que resolveu na hora foi esse procedimento aqui abaixo: Abra o CMD (prompt) como Administrador; Cole um c\u00f3digo por vez no [&hellip;]<\/p>\n","protected":false},"author":1,"featured_media":0,"comment_status":"open","ping_status":"open","sticky":false,"template":"","format":"standard","meta":{"footnotes":""},"categories":[73],"tags":[2874,2875,218],"class_list":["post-8480","post","type-post","status-publish","format-standard","hentry","category-windows","tag-abre-e-fecha","tag-painel-de-controle","tag-windows"],"_links":{"self":[{"href":"https:\/\/dennytorres.com\/site\/wp-json\/wp\/v2\/posts\/8480","targetHints":{"allow":["GET"]}}],"collection":[{"href":"https:\/\/dennytorres.com\/site\/wp-json\/wp\/v2\/posts"}],"about":[{"href":"https:\/\/dennytorres.com\/site\/wp-json\/wp\/v2\/types\/post"}],"author":[{"embeddable":true,"href":"https:\/\/dennytorres.com\/site\/wp-json\/wp\/v2\/users\/1"}],"replies":[{"embeddable":true,"href":"https:\/\/dennytorres.com\/site\/wp-json\/wp\/v2\/comments?post=8480"}],"version-history":[{"count":0,"href":"https:\/\/dennytorres.com\/site\/wp-json\/wp\/v2\/posts\/8480\/revisions"}],"wp:attachment":[{"href":"https:\/\/dennytorres.com\/site\/wp-json\/wp\/v2\/media?parent=8480"}],"wp:term":[{"taxonomy":"category","embeddable":true,"href":"https:\/\/dennytorres.com\/site\/wp-json\/wp\/v2\/categories?post=8480"},{"taxonomy":"post_tag","embeddable":true,"href":"https:\/\/dennytorres.com\/site\/wp-json\/wp\/v2\/tags?post=8480"}],"curies":[{"name":"wp","href":"https:\/\/api.w.org\/{rel}","templated":true}]}}