{"id":929,"date":"2009-11-27T17:13:07","date_gmt":"2009-11-27T20:13:07","guid":{"rendered":"http:\/\/dennytorres.wordpress.com\/?p=929"},"modified":"2009-11-27T17:13:07","modified_gmt":"2009-11-27T20:13:07","slug":"macbook-air-vs-onibus","status":"publish","type":"post","link":"https:\/\/dennytorres.com\/site\/macbook-air-vs-onibus\/","title":{"rendered":"Macbook Air vs \u00f4nibus"},"content":{"rendered":"<p>&#8220;Se voc\u00ea n\u00e3o conhece a legenda do t\u00edtulo do post, quem sabe olhando para esta foto entender\u00e1:<\/p>\n<p style=\"text-align:center;\"><a href=\"http:\/\/dennytorres.files.wordpress.com\/2009\/11\/macbookair_bus01.jpg\"><img fetchpriority=\"high\" decoding=\"async\" class=\"size-full wp-image-930 aligncenter\" title=\"macbookair_bus01\" src=\"http:\/\/dennytorres.files.wordpress.com\/2009\/11\/macbookair_bus01.jpg\" alt=\"\" width=\"400\" height=\"429\" \/><\/a><\/p>\n<p>\u00c9, sem d\u00favida alguma, essas imagens N\u00e3o s\u00e3o Adequadas Para Pessoas Sens\u00edveis. \ud83d\ude42 O MacBook Air em quest\u00e3o, acredite se quiser, foi atropelado por um \u00f4nibus depois de escorregar da m\u00e3o do seu dono.<\/p>\n<p>Na foto abaixo, d\u00e1 pra ver que a m\u00e1quina entortou quase 90\u00ba, atingindo sua tela e bateria, inclusive.<\/p>\n<p><a href=\"http:\/\/dennytorres.files.wordpress.com\/2009\/11\/macbookair_bus03.jpg\"><img decoding=\"async\" class=\"aligncenter size-full wp-image-931\" title=\"macbookair_bus03\" src=\"http:\/\/dennytorres.files.wordpress.com\/2009\/11\/macbookair_bus03.jpg\" alt=\"\" width=\"400\" height=\"300\" \/><\/a><\/p>\n<p>Mas o mais fant\u00e1stico de tudo \u00e9 que ela ainda funciona, dentro do poss\u00edvel. Quem sabe, conectando um monitor, teclado e mouse externos, o Air ainda d\u00ea pro gasto por algum tempo. S\u00f3 Apple, mesmo.&#8221;<\/p>\n<p>Fonte: <a href=\"http:\/\/macmagazine.uol.com.br\/2009\/11\/27\/macbook-air-vs-onibus-round-one-fight-napps\/\" target=\"_blank\" rel=\"noopener\">Macmagazine<\/a><\/p>\n","protected":false},"excerpt":{"rendered":"<p>&#8220;Se voc\u00ea n\u00e3o conhece a legenda do t\u00edtulo do post, quem sabe olhando para esta foto entender\u00e1: \u00c9, sem d\u00favida alguma, essas imagens N\u00e3o s\u00e3o Adequadas Para Pessoas Sens\u00edveis. \ud83d\ude42 O MacBook Air em quest\u00e3o, acredite se quiser, foi atropelado por um \u00f4nibus depois de escorregar da m\u00e3o do seu dono. Na foto abaixo, d\u00e1 [&hellip;]<\/p>\n","protected":false},"author":1,"featured_media":0,"comment_status":"open","ping_status":"open","sticky":false,"template":"","format":"standard","meta":{"footnotes":""},"categories":[55],"tags":[396,232,397],"class_list":["post-929","post","type-post","status-publish","format-standard","hentry","category-macintosh","tag-air","tag-macbook","tag-onibus"],"_links":{"self":[{"href":"https:\/\/dennytorres.com\/site\/wp-json\/wp\/v2\/posts\/929","targetHints":{"allow":["GET"]}}],"collection":[{"href":"https:\/\/dennytorres.com\/site\/wp-json\/wp\/v2\/posts"}],"about":[{"href":"https:\/\/dennytorres.com\/site\/wp-json\/wp\/v2\/types\/post"}],"author":[{"embeddable":true,"href":"https:\/\/dennytorres.com\/site\/wp-json\/wp\/v2\/users\/1"}],"replies":[{"embeddable":true,"href":"https:\/\/dennytorres.com\/site\/wp-json\/wp\/v2\/comments?post=929"}],"version-history":[{"count":0,"href":"https:\/\/dennytorres.com\/site\/wp-json\/wp\/v2\/posts\/929\/revisions"}],"wp:attachment":[{"href":"https:\/\/dennytorres.com\/site\/wp-json\/wp\/v2\/media?parent=929"}],"wp:term":[{"taxonomy":"category","embeddable":true,"href":"https:\/\/dennytorres.com\/site\/wp-json\/wp\/v2\/categories?post=929"},{"taxonomy":"post_tag","embeddable":true,"href":"https:\/\/dennytorres.com\/site\/wp-json\/wp\/v2\/tags?post=929"}],"curies":[{"name":"wp","href":"https:\/\/api.w.org\/{rel}","templated":true}]}}