{"id":951,"date":"2009-06-12T18:24:36","date_gmt":"2009-06-12T21:24:36","guid":{"rendered":"http:\/\/dennytorres.wordpress.com\/?p=52"},"modified":"2009-06-12T18:24:36","modified_gmt":"2009-06-12T21:24:36","slug":"novos-macbooks","status":"publish","type":"post","link":"https:\/\/dennytorres.com\/site\/novos-macbooks\/","title":{"rendered":"Novos Macbooks"},"content":{"rendered":"<p>A Apple lan\u00e7ou a nova linha de Macbooks, justo na hora que eu ia comprar o meu. Estou a 5 meses sem Mac, utilizando esta carro\u00e7a de windows em um netbook e j\u00e1 n\u00e3o aguento mais. Estava desejando o modelo unibody antigo, mas o pre\u00e7o n\u00e3o estava ajudando. Minha alternativa era o white com processador de 2GHz com placa NVidia. Ai ent\u00e3o, lan\u00e7aram um novo &#8220;branquinho&#8221; com um processador 2,13 e mem\u00f3ria Ram de 800MHz que \u00e9 bem veloz, promete funcionar a temperaturas menores e com uma bateria com maior autonomia, cerca de 5 horas. Os demais modelos pro possuem bateria de 7 a 8 horas de autonomia.<\/p>\n<p>Macbook white<\/p>\n<p><img decoding=\"async\" class=\"aligncenter size-full wp-image-62\" title=\"specs_battery\" src=\"http:\/\/dennytorres.files.wordpress.com\/2009\/06\/specs_battery.jpg\" alt=\"specs_battery\" width=\"89\" height=\"142\" \/><\/p>\n<p><a href=\"http:\/\/dennytorres.files.wordpress.com\/2009\/06\/macbook-white.jpg\"><img fetchpriority=\"high\" decoding=\"async\" class=\"aligncenter size-full wp-image-54\" title=\"macbook white\" src=\"http:\/\/dennytorres.files.wordpress.com\/2009\/06\/macbook-white.jpg\" alt=\"macbook white\" width=\"510\" height=\"382\" \/><\/a><\/p>\n<p>E nos Macbooks pro:<\/p>\n<p><img decoding=\"async\" class=\"aligncenter size-full wp-image-64\" title=\"specs_battery_15\" src=\"http:\/\/dennytorres.files.wordpress.com\/2009\/06\/specs_battery_15.jpg\" alt=\"specs_battery_15\" width=\"88\" height=\"141\" \/><img loading=\"lazy\" decoding=\"async\" class=\"aligncenter size-full wp-image-65\" title=\"macbook pro\" src=\"http:\/\/dennytorres.files.wordpress.com\/2009\/06\/macbook-pro.jpg\" alt=\"macbook pro\" width=\"720\" height=\"540\" \/><\/p>\n<p>Os modelos antigos unibody e white est\u00e3o em promo\u00e7\u00e3o em diversas lojas no Brasil, mas recomendo a todos, vale a pena esperar um pouco mais, at\u00e9 porque os pre\u00e7os n\u00e3o ser\u00e3o muito mais elevados e corre o risco desta promo\u00e7\u00e3o cair ainda mais com a substitui\u00e7\u00e3o dos estoques. E, com a queda do dolar, posso at\u00e9 sonhar em ter um pro unibody com leitor de cart\u00e3o SD.<\/p>\n<p>Vamos torcer<\/p>\n","protected":false},"excerpt":{"rendered":"<p>A Apple lan\u00e7ou a nova linha de Macbooks, justo na hora que eu ia comprar o meu. Estou a 5 meses sem Mac, utilizando esta carro\u00e7a de windows em um netbook e j\u00e1 n\u00e3o aguento mais. Estava desejando o modelo unibody antigo, mas o pre\u00e7o n\u00e3o estava ajudando. Minha alternativa era o white com processador [&hellip;]<\/p>\n","protected":false},"author":1,"featured_media":0,"comment_status":"open","ping_status":"open","sticky":false,"template":"","format":"standard","meta":{"footnotes":""},"categories":[55],"tags":[61],"class_list":["post-951","post","type-post","status-publish","format-standard","hentry","category-macintosh","tag-novos-macbooks"],"_links":{"self":[{"href":"https:\/\/dennytorres.com\/site\/wp-json\/wp\/v2\/posts\/951","targetHints":{"allow":["GET"]}}],"collection":[{"href":"https:\/\/dennytorres.com\/site\/wp-json\/wp\/v2\/posts"}],"about":[{"href":"https:\/\/dennytorres.com\/site\/wp-json\/wp\/v2\/types\/post"}],"author":[{"embeddable":true,"href":"https:\/\/dennytorres.com\/site\/wp-json\/wp\/v2\/users\/1"}],"replies":[{"embeddable":true,"href":"https:\/\/dennytorres.com\/site\/wp-json\/wp\/v2\/comments?post=951"}],"version-history":[{"count":0,"href":"https:\/\/dennytorres.com\/site\/wp-json\/wp\/v2\/posts\/951\/revisions"}],"wp:attachment":[{"href":"https:\/\/dennytorres.com\/site\/wp-json\/wp\/v2\/media?parent=951"}],"wp:term":[{"taxonomy":"category","embeddable":true,"href":"https:\/\/dennytorres.com\/site\/wp-json\/wp\/v2\/categories?post=951"},{"taxonomy":"post_tag","embeddable":true,"href":"https:\/\/dennytorres.com\/site\/wp-json\/wp\/v2\/tags?post=951"}],"curies":[{"name":"wp","href":"https:\/\/api.w.org\/{rel}","templated":true}]}}