{"id":962,"date":"2009-08-25T10:13:25","date_gmt":"2009-08-25T13:13:25","guid":{"rendered":"http:\/\/dennytorres.wordpress.com\/?p=399"},"modified":"2009-08-25T10:13:25","modified_gmt":"2009-08-25T13:13:25","slug":"snow-leopard-disponivel-a-partir-do-dia-28-de-agosto","status":"publish","type":"post","link":"https:\/\/dennytorres.com\/site\/snow-leopard-disponivel-a-partir-do-dia-28-de-agosto\/","title":{"rendered":"Snow Leopard &#8211; dispon\u00edvel a partir do dia 28 de Agosto"},"content":{"rendered":"<p>A partir de 28 de Agosto ser\u00e1 liberada a venda do novo sistema operacional da Apple, o Snow Leopar. Simplesmente, na minha opini\u00e3o, ser\u00e1 o melhor sistema operacional j\u00e1 lan\u00e7ado. O Leopard j\u00e1 \u00e9 muito bom. Este ent\u00e3o&#8230;. sem coment\u00e1rios. Mas aqui para o Brasil s\u00f3 ser\u00e1 vendido em meados de Setembro.<\/p>\n<p>A capa do produto est\u00e1 muito bonita, mas muito simples. Eu acho at\u00e9 simples demais.<\/p>\n<p>Se fizermos uma compara\u00e7\u00e3o com os outros produtos j\u00e1 lan\u00e7ados percebemos que alguma coisa mudou. Ou ser\u00e1 somente minha impress\u00e3o?<\/p>\n<p><a href=\"http:\/\/dennytorres.files.wordpress.com\/2009\/08\/snow-leopard.jpg\"><img fetchpriority=\"high\" decoding=\"async\" class=\"aligncenter size-full wp-image-400\" title=\"snow leopard\" src=\"http:\/\/dennytorres.files.wordpress.com\/2009\/08\/snow-leopard.jpg\" alt=\"snow leopard\" width=\"500\" height=\"473\" \/><\/a><a href=\"http:\/\/dennytorres.files.wordpress.com\/2009\/08\/macosx.jpg\"><img decoding=\"async\" class=\"aligncenter size-full wp-image-401\" title=\"macosx\" src=\"http:\/\/dennytorres.files.wordpress.com\/2009\/08\/macosx.jpg\" alt=\"macosx\" width=\"500\" height=\"88\" \/><\/a><\/p>\n","protected":false},"excerpt":{"rendered":"<p>A partir de 28 de Agosto ser\u00e1 liberada a venda do novo sistema operacional da Apple, o Snow Leopar. Simplesmente, na minha opini\u00e3o, ser\u00e1 o melhor sistema operacional j\u00e1 lan\u00e7ado. O Leopard j\u00e1 \u00e9 muito bom. Este ent\u00e3o&#8230;. sem coment\u00e1rios. Mas aqui para o Brasil s\u00f3 ser\u00e1 vendido em meados de Setembro. A capa do [&hellip;]<\/p>\n","protected":false},"author":1,"featured_media":0,"comment_status":"open","ping_status":"open","sticky":false,"template":"","format":"standard","meta":{"footnotes":""},"categories":[55],"tags":[173,96,174],"class_list":["post-962","post","type-post","status-publish","format-standard","hentry","category-macintosh","tag-leopard","tag-macosx","tag-snow"],"_links":{"self":[{"href":"https:\/\/dennytorres.com\/site\/wp-json\/wp\/v2\/posts\/962","targetHints":{"allow":["GET"]}}],"collection":[{"href":"https:\/\/dennytorres.com\/site\/wp-json\/wp\/v2\/posts"}],"about":[{"href":"https:\/\/dennytorres.com\/site\/wp-json\/wp\/v2\/types\/post"}],"author":[{"embeddable":true,"href":"https:\/\/dennytorres.com\/site\/wp-json\/wp\/v2\/users\/1"}],"replies":[{"embeddable":true,"href":"https:\/\/dennytorres.com\/site\/wp-json\/wp\/v2\/comments?post=962"}],"version-history":[{"count":0,"href":"https:\/\/dennytorres.com\/site\/wp-json\/wp\/v2\/posts\/962\/revisions"}],"wp:attachment":[{"href":"https:\/\/dennytorres.com\/site\/wp-json\/wp\/v2\/media?parent=962"}],"wp:term":[{"taxonomy":"category","embeddable":true,"href":"https:\/\/dennytorres.com\/site\/wp-json\/wp\/v2\/categories?post=962"},{"taxonomy":"post_tag","embeddable":true,"href":"https:\/\/dennytorres.com\/site\/wp-json\/wp\/v2\/tags?post=962"}],"curies":[{"name":"wp","href":"https:\/\/api.w.org\/{rel}","templated":true}]}}