{"id":5703,"count":1,"description":"","link":"https:\/\/dennytorres.com\/site\/tag\/edicao-de-video-com-mac-mini-m1\/","name":"edi\u00e7\u00e3o de v\u00eddeo com mac mini m1","slug":"edicao-de-video-com-mac-mini-m1","taxonomy":"post_tag","meta":[],"_links":{"self":[{"href":"https:\/\/dennytorres.com\/site\/wp-json\/wp\/v2\/tags\/5703","targetHints":{"allow":["GET"]}}],"collection":[{"href":"https:\/\/dennytorres.com\/site\/wp-json\/wp\/v2\/tags"}],"about":[{"href":"https:\/\/dennytorres.com\/site\/wp-json\/wp\/v2\/taxonomies\/post_tag"}],"wp:post_type":[{"href":"https:\/\/dennytorres.com\/site\/wp-json\/wp\/v2\/posts?tags=5703"}],"curies":[{"name":"wp","href":"https:\/\/api.w.org\/{rel}","templated":true}]}}